{"id":12650,"date":"2020-11-29T20:22:40","date_gmt":"2020-11-29T20:22:40","guid":{"rendered":"https:\/\/ecodelahuasteca.com\/?p=12650"},"modified":"2020-11-29T20:22:43","modified_gmt":"2020-11-29T20:22:43","slug":"caida-de-dientes-otro-posible-sintoma-de-covid-19","status":"publish","type":"post","link":"https:\/\/ecodelahuasteca.com\/?p=12650","title":{"rendered":"CA\u00cdDA DE DIENTES&#8230;OTRO POSIBLE S\u00cdNTOMA DE COVID-19"},"content":{"rendered":"\n<p> CA\u00cdDA DE DIENTES...OTRO POSIBLE S\u00cdNTOMA DE COVID-19  The New York Times relata el caso de Farah Khemili   Reportes indican que tras la recuperaci\u00f3n del Covid-19, pacientes han sufrido perdida de dientes (sin sangrado o dolor), sensibilidad de encias, astilladuras, as\u00ed como un cambio de color. The New York Times relata el caso de Farah Khemili, quien a principios de este mes se meti\u00f3 una menta a la boca y not\u00f3 que su diente inferior se estaba moviendo. Ella tiene 43 a\u00f1os y pens\u00f3 que el problema era la menta. Sin embargo, al d\u00eda siguiente su diente se le cay\u00f3. No hubo sangre ni dolor. \u201cKhemili sobrevivi\u00f3 a una lucha contra el Covid y se ha unido a un grupo de apoyo en l\u00ednea, ya que ha soportado una gran cantidad de s\u00edntomas experimentados por muchos otros transportadores de larga duraci\u00f3n: niebla mental, dolores musculares y dolores nerviosos. Todav\u00eda no hay pruebas rigurosas de que la infecci\u00f3n pueda provocar la p\u00e9rdida de dientes o problemas relacionados. Pero entre los miembros de su grupo de apoyo, encontr\u00f3 a otros que tambi\u00e9n describieron la ca\u00edda de los dientes, as\u00ed como enc\u00edas sensibles y dientes que se volv\u00edan grises o astillados\u201d, dice el art\u00edculo. Algunos expertos sugieren que los m\u00e9dicos deben de estar abiertos a las posibilidades y analizan si estos s\u00edntomas responden a las consecuencias que padecen los individuos que sufren \u201cCovid largo\u201d. Sin embargo, sugieren que las personas que actualmente tienen problemas dentales pueden verlos agravados en caso de contraer coronavirus. <\/p>\n","protected":false},"excerpt":{"rendered":"<p>CA\u00cdDA DE DIENTES&#8230;OTRO POSIBLE S\u00cdNTOMA DE COVID-19 The New York Times relata el caso de Farah Khemili Reportes indican que tras la recuperaci\u00f3n del Covid-19, pacientes han sufrido perdida de dientes (sin sangrado o dolor), sensibilidad de encias, astilladuras, as\u00ed como un cambio de color. The New York Times relata el caso de Farah Khemili, [&hellip;]<\/p>\n","protected":false},"author":2,"featured_media":12651,"comment_status":"open","ping_status":"open","sticky":false,"template":"","format":"standard","meta":{"footnotes":""},"categories":[117],"tags":[],"class_list":["post-12650","post","type-post","status-publish","format-standard","has-post-thumbnail","hentry","category-internacional"],"_links":{"self":[{"href":"https:\/\/ecodelahuasteca.com\/index.php?rest_route=\/wp\/v2\/posts\/12650","targetHints":{"allow":["GET"]}}],"collection":[{"href":"https:\/\/ecodelahuasteca.com\/index.php?rest_route=\/wp\/v2\/posts"}],"about":[{"href":"https:\/\/ecodelahuasteca.com\/index.php?rest_route=\/wp\/v2\/types\/post"}],"author":[{"embeddable":true,"href":"https:\/\/ecodelahuasteca.com\/index.php?rest_route=\/wp\/v2\/users\/2"}],"replies":[{"embeddable":true,"href":"https:\/\/ecodelahuasteca.com\/index.php?rest_route=%2Fwp%2Fv2%2Fcomments&post=12650"}],"version-history":[{"count":0,"href":"https:\/\/ecodelahuasteca.com\/index.php?rest_route=\/wp\/v2\/posts\/12650\/revisions"}],"wp:featuredmedia":[{"embeddable":true,"href":"https:\/\/ecodelahuasteca.com\/index.php?rest_route=\/wp\/v2\/posts\/12651"}],"wp:attachment":[{"href":"https:\/\/ecodelahuasteca.com\/index.php?rest_route=%2Fwp%2Fv2%2Fmedia&parent=12650"}],"wp:term":[{"taxonomy":"category","embeddable":true,"href":"https:\/\/ecodelahuasteca.com\/index.php?rest_route=%2Fwp%2Fv2%2Fcategories&post=12650"},{"taxonomy":"post_tag","embeddable":true,"href":"https:\/\/ecodelahuasteca.com\/index.php?rest_route=%2Fwp%2Fv2%2Ftags&post=12650"}],"curies":[{"name":"wp","href":"https:\/\/api.w.org\/{rel}","templated":true}]}}