{"id":12680,"date":"2020-11-30T20:39:10","date_gmt":"2020-11-30T20:39:10","guid":{"rendered":"https:\/\/ecodelahuasteca.com\/?p=12680"},"modified":"2020-11-30T20:39:14","modified_gmt":"2020-11-30T20:39:14","slug":"abusan-sexualmente-de-una-nina-de-dos-anos-y-golpean-hasta-la-muerte-a-otra-de-la-misma-edad","status":"publish","type":"post","link":"https:\/\/ecodelahuasteca.com\/?p=12680","title":{"rendered":"ABUSAN SEXUALMENTE DE UNA NI\u00d1A DE DOS A\u00d1OS Y GOLPEAN HASTA LA MUERTE A OTRA DE LA MISMA EDAD."},"content":{"rendered":"\n<p>ABUSAN SEXUALMENTE DE UNA NI\u00d1A DE DOS A\u00d1OS Y GOLPEAN HASTA LA MUERTE A OTRA DE LA MISMA EDAD.\n\nEn las \u00faltimas semanas, dos casos de violencia extrema contra menores de edad, han causado indignaci\u00f3n en Argentina. A una ni\u00f1a de dos a\u00f1os la violaron y a otra, de la misma edad, la golpearon hasta la muerte.\n\nEn la ciudad de Mar de Aj\u00f3, el pasado 11 de noviembre una peque\u00f1a fue ingresada al Hospital Municipal por un supuesto dolor estomacal, aunque tras ser revisada por el personal m\u00e9dico se determin\u00f3 que hab\u00eda sido violada y que necesitaba ser operada, por lo que realizaron una cirug\u00eda de emergencia para detener el sangrado que present\u00f3 la peque\u00f1a, seg\u00fan inform\u00f3 el portal argentino TN.\n\nLa madre de la v\u00edctima afirmaba que su hija se hab\u00eda lastimado la parte genital cuando usaba la \u201cpelela\u201d (ba\u00f1ito), y por eso estaba sangrando.\n\nEste hecho, provoc\u00f3 una gran indignaci\u00f3n entre la familia paterna de la menor as\u00ed como en vecinos y colectivos que marcharon para reclamar justicia. Acusan a la madre de ser c\u00f3mplice de los abusos sexuales que su actual pareja comet\u00eda en contra de su hija.\n\n\u201cMi sobrina tiene apenas 2 a\u00f1os y medio. Todo empez\u00f3 el mi\u00e9rcoles a las 5 de la tarde cuando Lorena la lleva al hospital por un sangrado que hab\u00eda tenido, que seg\u00fan dijo fue porque se hab\u00eda lastimado con la pelela\u201d, relat\u00f3 la hermana del padre de la v\u00edctima, en entrevista con el diario argentino Cr\u00f3nica durante la movilizaci\u00f3n.\n\nEl agresor de nombre Lucas Navarro, confes\u00f3 su crimen y fue puesto en prisi\u00f3n preventiva. El padre biol\u00f3gico se encuentra con la menor agredida, quien est\u00e1 estable.\n\n<\/p>\n","protected":false},"excerpt":{"rendered":"<p>ABUSAN SEXUALMENTE DE UNA NI\u00d1A DE DOS A\u00d1OS Y GOLPEAN HASTA LA MUERTE A OTRA DE LA MISMA EDAD. En las \u00faltimas semanas, dos casos de violencia extrema contra menores de edad, han causado indignaci\u00f3n en Argentina. A una ni\u00f1a de dos a\u00f1os la violaron y a otra, de la misma edad, la golpearon hasta [&hellip;]<\/p>\n","protected":false},"author":2,"featured_media":12681,"comment_status":"open","ping_status":"open","sticky":false,"template":"","format":"standard","meta":{"footnotes":""},"categories":[117],"tags":[],"class_list":["post-12680","post","type-post","status-publish","format-standard","has-post-thumbnail","hentry","category-internacional"],"_links":{"self":[{"href":"https:\/\/ecodelahuasteca.com\/index.php?rest_route=\/wp\/v2\/posts\/12680","targetHints":{"allow":["GET"]}}],"collection":[{"href":"https:\/\/ecodelahuasteca.com\/index.php?rest_route=\/wp\/v2\/posts"}],"about":[{"href":"https:\/\/ecodelahuasteca.com\/index.php?rest_route=\/wp\/v2\/types\/post"}],"author":[{"embeddable":true,"href":"https:\/\/ecodelahuasteca.com\/index.php?rest_route=\/wp\/v2\/users\/2"}],"replies":[{"embeddable":true,"href":"https:\/\/ecodelahuasteca.com\/index.php?rest_route=%2Fwp%2Fv2%2Fcomments&post=12680"}],"version-history":[{"count":0,"href":"https:\/\/ecodelahuasteca.com\/index.php?rest_route=\/wp\/v2\/posts\/12680\/revisions"}],"wp:featuredmedia":[{"embeddable":true,"href":"https:\/\/ecodelahuasteca.com\/index.php?rest_route=\/wp\/v2\/posts\/12681"}],"wp:attachment":[{"href":"https:\/\/ecodelahuasteca.com\/index.php?rest_route=%2Fwp%2Fv2%2Fmedia&parent=12680"}],"wp:term":[{"taxonomy":"category","embeddable":true,"href":"https:\/\/ecodelahuasteca.com\/index.php?rest_route=%2Fwp%2Fv2%2Fcategories&post=12680"},{"taxonomy":"post_tag","embeddable":true,"href":"https:\/\/ecodelahuasteca.com\/index.php?rest_route=%2Fwp%2Fv2%2Ftags&post=12680"}],"curies":[{"name":"wp","href":"https:\/\/api.w.org\/{rel}","templated":true}]}}