{"id":67736,"date":"2024-10-03T21:00:44","date_gmt":"2024-10-04T03:00:44","guid":{"rendered":"https:\/\/ecodelahuasteca.com\/?p=67736"},"modified":"2024-10-03T21:00:48","modified_gmt":"2024-10-04T03:00:48","slug":"se-instalo-formalmente-la-comision-de-derechos-humanos-de-la-lxiv-legislatura","status":"publish","type":"post","link":"https:\/\/ecodelahuasteca.com\/2024\/10\/03\/se-instalo-formalmente-la-comision-de-derechos-humanos-de-la-lxiv-legislatura\/","title":{"rendered":"SE INSTAL\u00d3 FORMALMENTE LA COMISI\u00d3N DE DERECHOS HUMANOS DE LA LXIV LEGISLATURA"},"content":{"rendered":"\n<p>SE TENDR\u00c1 COMO COMPROMISO DE GARANTIZAR EL RESPETO A LOS DERECHOS HUMANOS, PRINCIPALMENTE DE QUIENES SON V\u00cdCTIMAS DE VULNERACIONES: DIP. MARCO ANTONIO GAMA BASARTE<\/p>\n\n\n\n<p>Con el compromiso de garantizar el respeto a los derechos humanos, principalmente de quienes son v\u00edctimas de vulneraciones como ni\u00f1as, ni\u00f1os y adolescentes, mujeres, adultos mayores, personas migrantes, con discapacidad e ind\u00edgenas, la Comisi\u00f3n de Derechos Humanos de la LXIV Legislatura se instal\u00f3 formalmente.<\/p>\n\n\n\n<p>El diputado Marco Antonio Gama Basarte, presidente de esta comisi\u00f3n legislativa, se\u00f1al\u00f3 que una de las prioridades ser\u00e1 garantizar que los derechos se concreten en la vida cotidiana de las personas, \u201cpues solo as\u00ed podremos decir que estamos construyendo una democracia verdadera, donde las libertades p\u00fablicas y la dignidad de las personas sean el pilar fundamental de una sociedad cada d\u00eda m\u00e1s incluyente y justa\u201d.<\/p>\n\n\n\n<p>Se\u00f1al\u00f3 que uno de los temas que ser\u00e1 prioridad para su atenci\u00f3n se refiere a las iniciativas sobre derechos sexuales y reproductivos de las mujeres y su derecho a decidir, de la comunidad LGTBQ+, personas con VIH, y las consultas respectivas a personas con discapacidad y de comunidades ind\u00edgenas y afromexicanas.<\/p>\n\n\n\n<p>\u201cAtenderemos el tema en materia del derecho a decidir de las mujeres, creo que es un tema que tenemos que abordar con much\u00edsima responsabilidad y sin duda en favor de nuestras distinguidas mujeres en San Luis Potos\u00ed. Obviamente, bueno, con el apoyo y la participaci\u00f3n de diferentes sectores, colectivos y dem\u00e1s para trabajar la Comisi\u00f3n\u201d.<\/p>\n\n\n\n<p>Destac\u00f3 que el trabajo de la Comisi\u00f3n de Derechos Humanos ser\u00e1 de mucha apertura para escuchar las opiniones de los diversos sectores de la sociedad para la elaboraci\u00f3n de reformas y leyes que sean de beneficio para la poblaci\u00f3n de San Luis Potos\u00ed.<\/p>\n\n\n\n<p>\u201cTendremos que hacer todo lo que no se ha hecho en materia de derechos humanos, iniciando por la escucha y por seguir cada uno de los procesos que se marca para poder realmente distinguir a San Luis Potos\u00ed en materia de derechos humanos\u201d.<\/p>\n\n\n\n<p>Destac\u00f3 que se canalizar\u00e1n las denuncias sobre violaciones a los derechos humanos, para asegurar que sean atendidas con la seriedad y el rigor que se merecen, buscando ser un enlace activo con la Comisi\u00f3n Estatal de Derechos Humanos y otros organismos nacionales e internacionales.<\/p>\n\n\n\n<p>En sus intervenciones la presidenta de la Comisi\u00f3n Estatal de Derechos Humanos, Giovanna Itzel Arg\u00fcelles Moreno; y \u00c1ngel Santiago Hern\u00e1ndez, subsecretario de Gobierno del Estado en materia de derechos humanos y asuntos jur\u00eddicos manifestaron la disposici\u00f3n de trabajar de manera concurrente con la Comisi\u00f3n Legislativa para incorporar opiniones y fortalecer la legislaci\u00f3n en materia de protecci\u00f3n a los derechos humanos.<\/p>\n\n\n\n<p>Estuvieron presentes tambi\u00e9n, Doroteo Paredes Granado de la Fiscal\u00eda Especializada en Derechos Humanos; Miguel \u00c1ngel Garc\u00eda Amaro, Comisionado Estatal de la Comisi\u00f3n Ejecutiva de Atenci\u00f3n a V\u00edctimas; M\u00f3nica Kemp Zamudio, Coordinadora General del Centro de Justicia para las Mujeres; Jessica Guadalupe M\u00e9ndez Gonz\u00e1lez, de la Procuradur\u00eda de Protecci\u00f3n a Ni\u00f1as, Ni\u00f1os y Adolescentes; Carmen Rebeca Gacr\u00eda Hamvacuan, de la Secretar\u00eda Ejecutiva del Sistema Estatal de Protecci\u00f3n a Ni\u00f1as, Ni\u00f1os y Adolescentes.<\/p>\n\n\n\n<p>Adem\u00e1s de los ex presidentes de la Comisi\u00f3n Estatal de Derechos Humanos, Sergio Teobaldo Azua Reyes, Jos\u00e9 \u00c1ngel Moran, y Jorge Andr\u00e9s L\u00f3pez Espinosa; consejeros de la CEDH; Miguel Waldo Izquierdo de Fundaci\u00f3n G\u00e9nova; Catalina Torres del Centro Educativo para Sordos, y Servando Hern\u00e1ndez, persona con debilidad visual.<\/p>\n\n\n\n<p>La Comisi\u00f3n de Derechos Humanos est\u00e1 integrada de la siguiente manera:<\/p>\n\n\n\n<p>Presidente: Dip. Marco Antonio Gama Basarte.<br>Vicepresidenta: Dip. Brisseire S\u00e1nchez L\u00f3pez.<br>Secretaria: Roxanna Hern\u00e1ndez Ram\u00edrez.<br>Vocales: Dip. Frinne Azuara Yarzabal.<br>Dip. Diana Ruelas Gait\u00e1n.<\/p>\n","protected":false},"excerpt":{"rendered":"<p>SE TENDR\u00c1 COMO COMPROMISO DE GARANTIZAR EL RESPETO A LOS DERECHOS HUMANOS, PRINCIPALMENTE DE QUIENES SON V\u00cdCTIMAS DE VULNERACIONES: DIP. MARCO ANTONIO GAMA BASARTE Con el compromiso de garantizar el respeto a los derechos humanos, principalmente de quienes son v\u00edctimas de vulneraciones como ni\u00f1as, ni\u00f1os y adolescentes, mujeres, adultos mayores, personas migrantes, con discapacidad e [&hellip;]<\/p>\n","protected":false},"author":2,"featured_media":67737,"comment_status":"closed","ping_status":"closed","sticky":false,"template":"","format":"standard","meta":{"footnotes":""},"categories":[119],"tags":[],"class_list":["post-67736","post","type-post","status-publish","format-standard","has-post-thumbnail","hentry","category-slp"],"_links":{"self":[{"href":"https:\/\/ecodelahuasteca.com\/wp-json\/wp\/v2\/posts\/67736","targetHints":{"allow":["GET"]}}],"collection":[{"href":"https:\/\/ecodelahuasteca.com\/wp-json\/wp\/v2\/posts"}],"about":[{"href":"https:\/\/ecodelahuasteca.com\/wp-json\/wp\/v2\/types\/post"}],"author":[{"embeddable":true,"href":"https:\/\/ecodelahuasteca.com\/wp-json\/wp\/v2\/users\/2"}],"replies":[{"embeddable":true,"href":"https:\/\/ecodelahuasteca.com\/wp-json\/wp\/v2\/comments?post=67736"}],"version-history":[{"count":0,"href":"https:\/\/ecodelahuasteca.com\/wp-json\/wp\/v2\/posts\/67736\/revisions"}],"wp:featuredmedia":[{"embeddable":true,"href":"https:\/\/ecodelahuasteca.com\/wp-json\/wp\/v2\/posts\/67737"}],"wp:attachment":[{"href":"https:\/\/ecodelahuasteca.com\/wp-json\/wp\/v2\/media?parent=67736"}],"wp:term":[{"taxonomy":"category","embeddable":true,"href":"https:\/\/ecodelahuasteca.com\/wp-json\/wp\/v2\/categories?post=67736"},{"taxonomy":"post_tag","embeddable":true,"href":"https:\/\/ecodelahuasteca.com\/wp-json\/wp\/v2\/tags?post=67736"}],"curies":[{"name":"wp","href":"https:\/\/api.w.org\/{rel}","templated":true}]}}