{"id":69543,"date":"2024-11-05T18:39:33","date_gmt":"2024-11-06T00:39:33","guid":{"rendered":"https:\/\/ecodelahuasteca.com\/?p=69543"},"modified":"2024-11-05T18:39:34","modified_gmt":"2024-11-06T00:39:34","slug":"pide-la-dip-mireya-vancini-coordinacion-entre-los-dif-municipales-y-el-estatal-para-atender-problematica-de-menores-trabajando-en-las-calles-y-personas-en-situacion-de-calle","status":"publish","type":"post","link":"https:\/\/ecodelahuasteca.com\/?p=69543","title":{"rendered":"PIDE LA DIP. MIREYA VANCINI COORDINACI\u00d3N ENTRE LOS DIF MUNICIPALES Y EL ESTATAL, PARA ATENDER PROBLEM\u00c1TICA DE MENORES TRABAJANDO EN LAS CALLES Y PERSONAS EN SITUACI\u00d3N DE CALLE"},"content":{"rendered":"\n<p>EN LAS CUATRO ZONAS DEL ESTADO PERSISTE ESTA PROBLEM\u00c1TICA SOCIAL QUE REQUIERE ATENCI\u00d3N Y COORDINACI\u00d3N INSTITUCIONAL<\/p>\n\n\n\n<p>Es necesario que los sistemas DIF Municipales de toda la entidad se coordinen con el DIF Estatal, para atender la situaci\u00f3n de ni\u00f1os, ni\u00f1as y adolescentes que trabajan en la v\u00eda p\u00fablica y, personas que padecen de sus facultades mentales y son abandonadas a su suerte en las calles.<\/p>\n\n\n\n<p>As\u00ed lo se\u00f1al\u00f3 la diputada Mireya Vancini Villanueva presidenta de la comisi\u00f3n de Ni\u00f1as, Ni\u00f1os, Adolescentes, Juventud y Deporte del Congreso del Estado, al manifestar que en las cuatro zonas del estado persiste esta problem\u00e1tica social que requiere atenci\u00f3n y coordinaci\u00f3n institucional.<\/p>\n\n\n\n<p>\u201cLa situaci\u00f3n tambi\u00e9n tiene que ver con instituciones civiles, instituciones educativas y m\u00e1s que todo el n\u00facleo familiar, que es el responsable de los menores, quienes deben ser eso, menores, estudiar, divertirse, disfrutar su infancia; debe haber coordinaci\u00f3n para que haya resultados\u201d.<\/p>\n\n\n\n<p>La legisladora Vancini Villanueva dijo que como presidenta municipal de Ciudad del Ma\u00edz, atendi\u00f3 a personas en situaci\u00f3n de calle que ven\u00edan de otros estados y se coordin\u00f3 con las autoridades para que las recibieran, ya que padec\u00edan de sus facultades mentales. En otro caso a una mujer se le pag\u00f3 la atenci\u00f3n m\u00e9dica durante seis a\u00f1os.<\/p>\n\n\n\n<p>\u201cSon casos que se ven en los municipios de las cuatro zonas del estado, \u201chay ni\u00f1os vendiendo en la v\u00eda p\u00fablica diversos objetos, porque sus padres lo ven como una fuente de empleo y de ingreso y no es as\u00ed, ellos deben estar estudiando en la escuela y tener una vida feliz\u201d.<\/p>\n\n\n\n<p>Se\u00f1al\u00f3 la legisladora Mirerya Vancini que por ello es importante que exista coordinaci\u00f3n entre los DIF Municipales con el DIF Estatal, para atender esta problem\u00e1tica que podr\u00eda seguir creciendo en las calles si no se aplican pol\u00edticas p\u00fablicas eficientes.<\/p>\n","protected":false},"excerpt":{"rendered":"<p>EN LAS CUATRO ZONAS DEL ESTADO PERSISTE ESTA PROBLEM\u00c1TICA SOCIAL QUE REQUIERE ATENCI\u00d3N Y COORDINACI\u00d3N INSTITUCIONAL Es necesario que los sistemas DIF Municipales de toda la entidad se coordinen con el DIF Estatal, para atender la situaci\u00f3n de ni\u00f1os, ni\u00f1as y adolescentes que trabajan en la v\u00eda p\u00fablica y, personas que padecen de sus facultades [&hellip;]<\/p>\n","protected":false},"author":2,"featured_media":69544,"comment_status":"closed","ping_status":"closed","sticky":false,"template":"","format":"standard","meta":{"footnotes":""},"categories":[119],"tags":[],"class_list":["post-69543","post","type-post","status-publish","format-standard","has-post-thumbnail","hentry","category-slp"],"_links":{"self":[{"href":"https:\/\/ecodelahuasteca.com\/index.php?rest_route=\/wp\/v2\/posts\/69543","targetHints":{"allow":["GET"]}}],"collection":[{"href":"https:\/\/ecodelahuasteca.com\/index.php?rest_route=\/wp\/v2\/posts"}],"about":[{"href":"https:\/\/ecodelahuasteca.com\/index.php?rest_route=\/wp\/v2\/types\/post"}],"author":[{"embeddable":true,"href":"https:\/\/ecodelahuasteca.com\/index.php?rest_route=\/wp\/v2\/users\/2"}],"replies":[{"embeddable":true,"href":"https:\/\/ecodelahuasteca.com\/index.php?rest_route=%2Fwp%2Fv2%2Fcomments&post=69543"}],"version-history":[{"count":0,"href":"https:\/\/ecodelahuasteca.com\/index.php?rest_route=\/wp\/v2\/posts\/69543\/revisions"}],"wp:featuredmedia":[{"embeddable":true,"href":"https:\/\/ecodelahuasteca.com\/index.php?rest_route=\/wp\/v2\/posts\/69544"}],"wp:attachment":[{"href":"https:\/\/ecodelahuasteca.com\/index.php?rest_route=%2Fwp%2Fv2%2Fmedia&parent=69543"}],"wp:term":[{"taxonomy":"category","embeddable":true,"href":"https:\/\/ecodelahuasteca.com\/index.php?rest_route=%2Fwp%2Fv2%2Fcategories&post=69543"},{"taxonomy":"post_tag","embeddable":true,"href":"https:\/\/ecodelahuasteca.com\/index.php?rest_route=%2Fwp%2Fv2%2Ftags&post=69543"}],"curies":[{"name":"wp","href":"https:\/\/api.w.org\/{rel}","templated":true}]}}