{"id":69724,"date":"2024-11-10T22:58:15","date_gmt":"2024-11-11T04:58:15","guid":{"rendered":"https:\/\/ecodelahuasteca.com\/?p=69724"},"modified":"2024-11-10T22:58:18","modified_gmt":"2024-11-11T04:58:18","slug":"piden-a-la-secretaria-de-educacion-federal-que-cubra-el-deficit-de-maestros-que-existe-en-slp-dip-juan-carlos-barcenas-ramirez","status":"publish","type":"post","link":"https:\/\/ecodelahuasteca.com\/?p=69724","title":{"rendered":"PIDEN A LA SECRETAR\u00cdA DE EDUCACI\u00d3N FEDERAL QUE CUBRA EL D\u00c9FICIT DE MAESTROS QUE EXISTE EN SLP: DIP. JUAN CARLOS B\u00c1RCENAS RAM\u00cdREZ"},"content":{"rendered":"\n<p>HAY UN GRAN PROYECTO DE FORTALECER LA EDUCACI\u00d3N F\u00cdSICA Y ART\u00cdSTICA EN LAS ESCUELAS PERO \u00daNICAMENTE SE TIENE UNA COBERTURA DEL 30 POR CIENTO EN LOS PLANTELES<\/p>\n\n\n\n<p>El diputado Juan Carlos B\u00e1rcenas Ram\u00edrez, presidente de la Comisi\u00f3n de Educaci\u00f3n, Cultura, Ciencia y Tecnolog\u00eda del Congreso del Estado, inform\u00f3 que tuvo una reuni\u00f3n con el titular de la Secretar\u00eda de Educaci\u00f3n P\u00fablica del Gobierno Federal, Mario Delgado, a quien plantearon las necesidades de falta de maestros para cobertura educativa en algunas regiones del estado, y de pago de algunas prestaciones para docentes.<\/p>\n\n\n\n<p>\u201cTuvimos un acercamiento con el Secretario de Educaci\u00f3n P\u00fablica, con el licenciado Mario Delgado, que sin duda le planteamos las necesidades de falta de maestros en algunas regiones, de cubrir pagos en algunas otras, de poder comprometernos con un mejor servicio educativo de calidad, y se cumplan con todos los compromisos que se tienen de pagos de salarios que todav\u00eda tenemos pendiente\u201d.<\/p>\n\n\n\n<p>Se\u00f1al\u00f3 que la carencia de maestros en algunos planteles, no solo se trata de personal docente, sino tambi\u00e9n de personal de apoyo a la educaci\u00f3n, como son los maestros de educaci\u00f3n f\u00edsica y de educaci\u00f3n art\u00edstica.<\/p>\n\n\n\n<p>\u201cHay un gran proyecto de fortalecer la educaci\u00f3n f\u00edsica y art\u00edstica en las escuelas y realmente, tenemos una cobertura del 30 por ciento en los planteles, de las 8,500 escuelas de educaci\u00f3n b\u00e1sica, t\u00e9cnicamente estamos hablando de alrededor de entre 2 500 o 3 mil tienen el servicio, y el resto no lo tienen; es un gran reto para lograr que se consolide una educaci\u00f3n integral para la mejora de la salud f\u00edsica y mental de los alumnos, y se deben tener los recursos necesarios\u201d.<\/p>\n","protected":false},"excerpt":{"rendered":"<p>HAY UN GRAN PROYECTO DE FORTALECER LA EDUCACI\u00d3N F\u00cdSICA Y ART\u00cdSTICA EN LAS ESCUELAS PERO \u00daNICAMENTE SE TIENE UNA COBERTURA DEL 30 POR CIENTO EN LOS PLANTELES El diputado Juan Carlos B\u00e1rcenas Ram\u00edrez, presidente de la Comisi\u00f3n de Educaci\u00f3n, Cultura, Ciencia y Tecnolog\u00eda del Congreso del Estado, inform\u00f3 que tuvo una reuni\u00f3n con el titular [&hellip;]<\/p>\n","protected":false},"author":2,"featured_media":69725,"comment_status":"closed","ping_status":"closed","sticky":false,"template":"","format":"standard","meta":{"footnotes":""},"categories":[119],"tags":[],"class_list":["post-69724","post","type-post","status-publish","format-standard","has-post-thumbnail","hentry","category-slp"],"_links":{"self":[{"href":"https:\/\/ecodelahuasteca.com\/index.php?rest_route=\/wp\/v2\/posts\/69724","targetHints":{"allow":["GET"]}}],"collection":[{"href":"https:\/\/ecodelahuasteca.com\/index.php?rest_route=\/wp\/v2\/posts"}],"about":[{"href":"https:\/\/ecodelahuasteca.com\/index.php?rest_route=\/wp\/v2\/types\/post"}],"author":[{"embeddable":true,"href":"https:\/\/ecodelahuasteca.com\/index.php?rest_route=\/wp\/v2\/users\/2"}],"replies":[{"embeddable":true,"href":"https:\/\/ecodelahuasteca.com\/index.php?rest_route=%2Fwp%2Fv2%2Fcomments&post=69724"}],"version-history":[{"count":0,"href":"https:\/\/ecodelahuasteca.com\/index.php?rest_route=\/wp\/v2\/posts\/69724\/revisions"}],"wp:featuredmedia":[{"embeddable":true,"href":"https:\/\/ecodelahuasteca.com\/index.php?rest_route=\/wp\/v2\/posts\/69725"}],"wp:attachment":[{"href":"https:\/\/ecodelahuasteca.com\/index.php?rest_route=%2Fwp%2Fv2%2Fmedia&parent=69724"}],"wp:term":[{"taxonomy":"category","embeddable":true,"href":"https:\/\/ecodelahuasteca.com\/index.php?rest_route=%2Fwp%2Fv2%2Fcategories&post=69724"},{"taxonomy":"post_tag","embeddable":true,"href":"https:\/\/ecodelahuasteca.com\/index.php?rest_route=%2Fwp%2Fv2%2Ftags&post=69724"}],"curies":[{"name":"wp","href":"https:\/\/api.w.org\/{rel}","templated":true}]}}