{"id":69957,"date":"2024-11-14T20:59:49","date_gmt":"2024-11-15T02:59:49","guid":{"rendered":"https:\/\/ecodelahuasteca.com\/?p=69957"},"modified":"2024-11-14T20:59:51","modified_gmt":"2024-11-15T02:59:51","slug":"realiza-el-congreso-del-estado-taller-de-tecnica-legislativa-y-derecho-parlamentario-enfocado-a-mejorar-el-trabajo-legislativo","status":"publish","type":"post","link":"https:\/\/ecodelahuasteca.com\/?p=69957","title":{"rendered":"REALIZA EL CONGRESO DEL ESTADO TALLER DE T\u00c9CNICA LEGISLATIVA Y DERECHO PARLAMENTARIO ENFOCADO A MEJORAR EL TRABAJO LEGISLATIVO"},"content":{"rendered":"\n<p>EXHORTA PRESIDENTE DE LA DIRECTIVA DIP. CUAUHTLI BADILLO A LOS ASISTENTES A SEGUIRSE PREPARANDO<\/p>\n\n\n\n<p>La LXIV Legislatura del Congreso del Estado a trav\u00e9s del Instituto de Investigaci\u00f3n y Evaluaci\u00f3n Legislativa, llev\u00f3 a cabo el Taller de T\u00e9cnica Legislativa y Derecho Parlamentario Local, que tuvo como ponente en su \u00faltima jornada de trabajo al magistrado del Tribunal Estatal de Justicia Administrativa Jorge Alejandro Vera Noyola.<\/p>\n\n\n\n<p>En el auditorio \u201cManuel G\u00f3mez Mor\u00edn\u201d del edificio Vallejo 200, acudi\u00f3 el personal de diversas \u00e1reas de apoyo, secretariado t\u00e9cnico de comisiones, asesores de las y los legisladores, integrantes de la coordinaci\u00f3n de Servicios Parlamentarios y dem\u00e1s trabajadores de diversas \u00e1reas relacionadas al proceso legislativo.<\/p>\n\n\n\n<p>Se explic\u00f3 c\u00f3mo es que funciona el derecho parlamentario, cu\u00e1les son sus ra\u00edces, qu\u00e9 es lo que estudia, los diversos sistemas que existen y las funciones principales que desarrolla, \u201ccon la finalidad de que se tenga la experiencia dentro del Congreso y los conocimientos para desarrollar la funci\u00f3n en los mejores t\u00e9rminos\u201d.<\/p>\n\n\n\n<p>El magistrado Vera Noyola expuso que \u201ces b\u00e1sico precisamente conocer cu\u00e1les son las fuentes, a d\u00f3nde podemos acudir para conocer este derecho, qu\u00e9 es lo que queremos estudiar, qu\u00e9 es lo que queremos proyectar, cu\u00e1les son los sistemas, c\u00f3mo funcionan y por qu\u00e9 funcionan las cosas y por qu\u00e9 las leyes que estamos creando, por qu\u00e9 los controles existen o no existen\u201d.<\/p>\n\n\n\n<p>\u201cEl Poder Legislativo no se dedica exclusivamente a la creaci\u00f3n normativa, sino que tambi\u00e9n tiene funciones de control, que es de sus principales funciones para evitar que existan excesos, para tener transparencia, para buscar un mejor funcionamiento del gobierno en general a trav\u00e9s de este juego que es de frenos y contrapesos, que de hecho esa ser\u00eda la principal funci\u00f3n de un Poder Legislativo\u201d.<\/p>\n\n\n\n<p>Dijo que \u201cse trata de dar las herramientas para que se tenga los mejores resultados por parte del Poder Legislativo, que lo que tiene que hacer es buscar equilibrios entre las diversas fuerzas, entre los diversos poderes, es la caja de resonancia donde se deben discutir los principales asuntos, las principales cuestiones que est\u00e1n en discusi\u00f3n a nivel nacional y lo estamos viendo\u201d.<\/p>\n\n\n\n<p>La finalidad fue proporcionar conocimiento b\u00e1sico sobre el desenvolvimiento formal del Poder Legislativo as\u00ed como en su organizaci\u00f3n interna, estructura, procesos, tareas y elementos presentes ates y durante el trabajo parlamentario y legislativo.<\/p>\n\n\n\n<p>El taller tuvo como ponentes al maestro Eleazar Rodr\u00edguez Orta; maestro Hayro Leyva Romero; maestro Jos\u00e9 Ernesto Pi\u00f1a C\u00e1rdenas; maestro Javier Leyva Alvarado; licenciada Patricia Eugenia Ibarra Hern\u00e1ndez y licenciado Iv\u00e1n Alejandro Alarc\u00f3n Villegas; la coordinaci\u00f3n la realiz\u00f3 el titular del Instituto de Investigaci\u00f3n y Evaluaci\u00f3n Legislativa Armando Navarro Tapia.<\/p>\n\n\n\n<p>Los trabajos fueron clausurados por el presidente de la Directiva del Poder Legislativo diputado Cuauhtli Badillo Moreno, el diputado Carlos Arreola Mallol, y la diputada Nancy Jeanine Garc\u00eda Mart\u00ednez; se exhort\u00f3 a los asistentes a seguirse preparando para que el trabajo en el Congreso del Estado sea de calidad y enfocado siempre a servir a las y los potosinos.<\/p>\n","protected":false},"excerpt":{"rendered":"<p>EXHORTA PRESIDENTE DE LA DIRECTIVA DIP. CUAUHTLI BADILLO A LOS ASISTENTES A SEGUIRSE PREPARANDO La LXIV Legislatura del Congreso del Estado a trav\u00e9s del Instituto de Investigaci\u00f3n y Evaluaci\u00f3n Legislativa, llev\u00f3 a cabo el Taller de T\u00e9cnica Legislativa y Derecho Parlamentario Local, que tuvo como ponente en su \u00faltima jornada de trabajo al magistrado del [&hellip;]<\/p>\n","protected":false},"author":2,"featured_media":69958,"comment_status":"closed","ping_status":"closed","sticky":false,"template":"","format":"standard","meta":{"footnotes":""},"categories":[119],"tags":[],"class_list":["post-69957","post","type-post","status-publish","format-standard","has-post-thumbnail","hentry","category-slp"],"_links":{"self":[{"href":"https:\/\/ecodelahuasteca.com\/index.php?rest_route=\/wp\/v2\/posts\/69957","targetHints":{"allow":["GET"]}}],"collection":[{"href":"https:\/\/ecodelahuasteca.com\/index.php?rest_route=\/wp\/v2\/posts"}],"about":[{"href":"https:\/\/ecodelahuasteca.com\/index.php?rest_route=\/wp\/v2\/types\/post"}],"author":[{"embeddable":true,"href":"https:\/\/ecodelahuasteca.com\/index.php?rest_route=\/wp\/v2\/users\/2"}],"replies":[{"embeddable":true,"href":"https:\/\/ecodelahuasteca.com\/index.php?rest_route=%2Fwp%2Fv2%2Fcomments&post=69957"}],"version-history":[{"count":0,"href":"https:\/\/ecodelahuasteca.com\/index.php?rest_route=\/wp\/v2\/posts\/69957\/revisions"}],"wp:featuredmedia":[{"embeddable":true,"href":"https:\/\/ecodelahuasteca.com\/index.php?rest_route=\/wp\/v2\/posts\/69958"}],"wp:attachment":[{"href":"https:\/\/ecodelahuasteca.com\/index.php?rest_route=%2Fwp%2Fv2%2Fmedia&parent=69957"}],"wp:term":[{"taxonomy":"category","embeddable":true,"href":"https:\/\/ecodelahuasteca.com\/index.php?rest_route=%2Fwp%2Fv2%2Fcategories&post=69957"},{"taxonomy":"post_tag","embeddable":true,"href":"https:\/\/ecodelahuasteca.com\/index.php?rest_route=%2Fwp%2Fv2%2Ftags&post=69957"}],"curies":[{"name":"wp","href":"https:\/\/api.w.org\/{rel}","templated":true}]}}