{"id":70013,"date":"2024-11-16T14:19:44","date_gmt":"2024-11-16T20:19:44","guid":{"rendered":"https:\/\/ecodelahuasteca.com\/?p=70013"},"modified":"2024-11-16T14:19:45","modified_gmt":"2024-11-16T20:19:45","slug":"dip-brisseire-sanchez-lopez-impulsa-una-iniciativa-de-reforma-a-la-ley-organica-del-poder-legislativo-del-estado","status":"publish","type":"post","link":"https:\/\/ecodelahuasteca.com\/?p=70013","title":{"rendered":"DIP. BRISSEIRE S\u00c1NCHEZ L\u00d3PEZ IMPULSA UNA INICIATIVA DE REFORMA A LA LEY ORG\u00c1NICA DEL PODER LEGISLATIVO DEL ESTADO"},"content":{"rendered":"\n<p>EL OBJETIVO DE ESTABLECER LA CORRECTA DENOMINACI\u00d3N DEL INSTITUTO NACIONAL DE PUEBLOS IND\u00cdGENAS: DIP. BRISSEIRE S\u00c1NCHEZ DE LIRA<\/p>\n\n\n\n<p>Con el objetivo de establecer la correcta denominaci\u00f3n del Instituto Nacional de Pueblos Ind\u00edgenas, instancia federal de atenci\u00f3n a los pueblos y comunidades ind\u00edgenas y afromexicanas en el pa\u00eds, en la Ley Org\u00e1nica del Poder Legislativo del Estado de San Luis Potos\u00ed, la diputada Brisseire S\u00e1nchez L\u00f3pez propuso reformar dicho ordenamiento legal.<\/p>\n\n\n\n<p>Se\u00f1ala en su exposici\u00f3n de motivos, que la Ley Org\u00e1nica del Poder Legislativo del Estado de San Luis Potos\u00ed, que entr\u00f3 en vigor el 13 de septiembre del 2024, establece un nuevo nombre a la antes comisi\u00f3n de Asuntos Ind\u00edgenas, por la ahora titulada Comisi\u00f3n de Atenci\u00f3n de Pueblos y comunidades Ind\u00edgenas y Afromexicanas, estableciendo adem\u00e1s en el art\u00edculo 98 lo correspondiente a sus atribuciones.<\/p>\n\n\n\n<p>Es por ello establecer claramente la denominaci\u00f3n del Instituto Nacional de Pueblos Ind\u00edgenas, ya que actualmente la legislaci\u00f3n hace una incorrecta referencia al Consejo Nacional de Atenci\u00f3n a los Pueblos Ind\u00edgenas, ya que como tal no existe.<\/p>\n\n\n\n<p>Por ello, es importante que en estas atribuciones se mencione la coordinaci\u00f3n de acciones con el \u00e1mbito federal, estatal y municipal, puesto que es de esta forma como se puede lograr la atenci\u00f3n integral y transversal de los pueblos y comunidades ind\u00edgenas y afromexicanas en nuestra Entidad.<\/p>\n\n\n\n<p>Luego entonces, es adecuado referir la coordinaci\u00f3n con el Instituto Nacional de Pueblos Ind\u00edgenas al ser la instancia federal de atenci\u00f3n a los pueblos y comunidades ind\u00edgenas y afromexicanas en el pa\u00eds<\/p>\n\n\n\n<p>La iniciativa fue turnada para su an\u00e1lisis a la Comisi\u00f3n de Normatividad Legislativa y Pr\u00e1cticas Parlamentarias.<\/p>\n","protected":false},"excerpt":{"rendered":"<p>EL OBJETIVO DE ESTABLECER LA CORRECTA DENOMINACI\u00d3N DEL INSTITUTO NACIONAL DE PUEBLOS IND\u00cdGENAS: DIP. BRISSEIRE S\u00c1NCHEZ DE LIRA Con el objetivo de establecer la correcta denominaci\u00f3n del Instituto Nacional de Pueblos Ind\u00edgenas, instancia federal de atenci\u00f3n a los pueblos y comunidades ind\u00edgenas y afromexicanas en el pa\u00eds, en la Ley Org\u00e1nica del Poder Legislativo del [&hellip;]<\/p>\n","protected":false},"author":2,"featured_media":70014,"comment_status":"closed","ping_status":"closed","sticky":false,"template":"","format":"standard","meta":{"footnotes":""},"categories":[119],"tags":[],"class_list":["post-70013","post","type-post","status-publish","format-standard","has-post-thumbnail","hentry","category-slp"],"_links":{"self":[{"href":"https:\/\/ecodelahuasteca.com\/index.php?rest_route=\/wp\/v2\/posts\/70013","targetHints":{"allow":["GET"]}}],"collection":[{"href":"https:\/\/ecodelahuasteca.com\/index.php?rest_route=\/wp\/v2\/posts"}],"about":[{"href":"https:\/\/ecodelahuasteca.com\/index.php?rest_route=\/wp\/v2\/types\/post"}],"author":[{"embeddable":true,"href":"https:\/\/ecodelahuasteca.com\/index.php?rest_route=\/wp\/v2\/users\/2"}],"replies":[{"embeddable":true,"href":"https:\/\/ecodelahuasteca.com\/index.php?rest_route=%2Fwp%2Fv2%2Fcomments&post=70013"}],"version-history":[{"count":0,"href":"https:\/\/ecodelahuasteca.com\/index.php?rest_route=\/wp\/v2\/posts\/70013\/revisions"}],"wp:featuredmedia":[{"embeddable":true,"href":"https:\/\/ecodelahuasteca.com\/index.php?rest_route=\/wp\/v2\/posts\/70014"}],"wp:attachment":[{"href":"https:\/\/ecodelahuasteca.com\/index.php?rest_route=%2Fwp%2Fv2%2Fmedia&parent=70013"}],"wp:term":[{"taxonomy":"category","embeddable":true,"href":"https:\/\/ecodelahuasteca.com\/index.php?rest_route=%2Fwp%2Fv2%2Fcategories&post=70013"},{"taxonomy":"post_tag","embeddable":true,"href":"https:\/\/ecodelahuasteca.com\/index.php?rest_route=%2Fwp%2Fv2%2Ftags&post=70013"}],"curies":[{"name":"wp","href":"https:\/\/api.w.org\/{rel}","templated":true}]}}