{"id":72267,"date":"2025-01-07T21:20:50","date_gmt":"2025-01-08T03:20:50","guid":{"rendered":"https:\/\/ecodelahuasteca.com\/?p=72267"},"modified":"2025-01-07T21:20:51","modified_gmt":"2025-01-08T03:20:51","slug":"villa-de-pozos-invita-a-2da-jornada-de-vacunacion","status":"publish","type":"post","link":"https:\/\/ecodelahuasteca.com\/?p=72267","title":{"rendered":"VILLA DE POZOS INVITA A 2DA JORNADA DE VACUNACI\u00d3N"},"content":{"rendered":"\n<p><br>-Se llevar\u00e1 a cabo el 10 de enero en la Plaza Principal de la cabecera municipal de 9:00 a 13:30 horas.<\/p>\n\n\n\n<p>Ante la preocupaci\u00f3n por la salud de sus habitantes y el constante descenso de las temperaturas, el Concejo Municipal de Villa de Pozos llevar\u00e1 a cabo la 2\u00aa Jornada de Vacunaci\u00f3n. el pr\u00f3ximo 10 de enero en el Jard\u00edn Principal No. 1, Los Olivos, de 9:00 a 13:30 horas, para proteger a la poblaci\u00f3n de enfermedades respiratorias y otros riesgos sanitarios.<\/p>\n\n\n\n<p>La Presidenta de la Comisi\u00f3n de Salud, Maria Luisa Zavala L\u00f3pez dijo que en coordinaci\u00f3n con los Servicios de Salud en el Estado, en esta jornada de vacunaci\u00f3n se estar\u00e1n aplicando los biol\u00f3gicos de COVID-19, influenza, hepatitis B y neumococo, la ciudadania interesada debera presentar los siguientes requisitos, explic\u00f3 que los asistentes deber\u00e1n presentar como requisito su CURP, INE o, en el caso de los menores de edad, la Cartilla de Vacunaci\u00f3n, para poder acceder a las dosis correspondientes.<\/p>\n\n\n\n<p>destac\u00f3 que este tipo de jornadas son esenciales para garantizar el bienestar de la poblaci\u00f3n, especialmente durante los meses m\u00e1s fr\u00edos del a\u00f1o, cuando las enfermedades respiratorias suelen incrementarse, po lo que hizo un llamado a la ciudadan\u00eda para que aproveche la oportunidad de vacunarse, ya que las bajas temperaturas de esta temporada aumentan la circulaci\u00f3n de virus en el aire, lo que pone en riesgo la salud de las personas, especialmente aquellas que no est\u00e1n protegidas por alguna vacuna.<\/p>\n\n\n\n<p>Por \u00faltimo, la presidenta de la Comisi\u00f3n de Salud resalt\u00f3 la importancia de extremar precauciones con los grupos m\u00e1s vulnerables, como los beb\u00e9s y las personas adultas mayores, quienes son m\u00e1s susceptibles a sufrir complicaciones por enfermedades respiratorias<\/p>\n","protected":false},"excerpt":{"rendered":"<p>-Se llevar\u00e1 a cabo el 10 de enero en la Plaza Principal de la cabecera municipal de 9:00 a 13:30 horas. Ante la preocupaci\u00f3n por la salud de sus habitantes y el constante descenso de las temperaturas, el Concejo Municipal de Villa de Pozos llevar\u00e1 a cabo la 2\u00aa Jornada de Vacunaci\u00f3n. el pr\u00f3ximo 10 [&hellip;]<\/p>\n","protected":false},"author":2,"featured_media":72268,"comment_status":"closed","ping_status":"closed","sticky":false,"template":"","format":"standard","meta":{"footnotes":""},"categories":[116],"tags":[],"class_list":["post-72267","post","type-post","status-publish","format-standard","has-post-thumbnail","hentry","category-pais"],"_links":{"self":[{"href":"https:\/\/ecodelahuasteca.com\/index.php?rest_route=\/wp\/v2\/posts\/72267","targetHints":{"allow":["GET"]}}],"collection":[{"href":"https:\/\/ecodelahuasteca.com\/index.php?rest_route=\/wp\/v2\/posts"}],"about":[{"href":"https:\/\/ecodelahuasteca.com\/index.php?rest_route=\/wp\/v2\/types\/post"}],"author":[{"embeddable":true,"href":"https:\/\/ecodelahuasteca.com\/index.php?rest_route=\/wp\/v2\/users\/2"}],"replies":[{"embeddable":true,"href":"https:\/\/ecodelahuasteca.com\/index.php?rest_route=%2Fwp%2Fv2%2Fcomments&post=72267"}],"version-history":[{"count":0,"href":"https:\/\/ecodelahuasteca.com\/index.php?rest_route=\/wp\/v2\/posts\/72267\/revisions"}],"wp:featuredmedia":[{"embeddable":true,"href":"https:\/\/ecodelahuasteca.com\/index.php?rest_route=\/wp\/v2\/posts\/72268"}],"wp:attachment":[{"href":"https:\/\/ecodelahuasteca.com\/index.php?rest_route=%2Fwp%2Fv2%2Fmedia&parent=72267"}],"wp:term":[{"taxonomy":"category","embeddable":true,"href":"https:\/\/ecodelahuasteca.com\/index.php?rest_route=%2Fwp%2Fv2%2Fcategories&post=72267"},{"taxonomy":"post_tag","embeddable":true,"href":"https:\/\/ecodelahuasteca.com\/index.php?rest_route=%2Fwp%2Fv2%2Ftags&post=72267"}],"curies":[{"name":"wp","href":"https:\/\/api.w.org\/{rel}","templated":true}]}}