{"id":72288,"date":"2025-01-07T22:48:32","date_gmt":"2025-01-08T04:48:32","guid":{"rendered":"https:\/\/ecodelahuasteca.com\/?p=72288"},"modified":"2025-01-07T22:48:33","modified_gmt":"2025-01-08T04:48:33","slug":"pc-de-villa-emite-recomendaciones-por-descenso-de-temperaturas","status":"publish","type":"post","link":"https:\/\/ecodelahuasteca.com\/?p=72288","title":{"rendered":"PC DE VILLA EMITE RECOMENDACIONES POR DESCENSO DE TEMPERATURAS"},"content":{"rendered":"\n<p>-Pide a la ciudadania no bajar la guardia en esta temporada invernal.<br>El Director de Protecci\u00f3n Civil municipal de Villa de Pozos, Antonio Z\u00fa\u00f1iga \u00c1vila, hizo un llamado a la poblaci\u00f3n para que no baje la guardia durante la presente temporada invernal, especialmente con la entrada del frente fr\u00edo No. 21 que registra ya bajas temperaturas.<br>De acuerdo con el Servicio Meteorol\u00f3gico Nacional, se prev\u00e9 que la zona centro del estado de San Luis Potos\u00ed registre temperaturas m\u00ednimas de 6\u00b0C y m\u00e1ximas de 16\u00b0C este martes, debido a la llegada del frente fr\u00edo que se extender\u00e1 hasta el mi\u00e9rcoles, con convinacion de temperaturas fr\u00edas por la ma\u00f1ana y llovisnas puntuales por la tarde.<br>El funcionario recomend\u00f3 tomar precauciones como evitar los cambios bruscos de temperatura, protegerse de las corrientes de aire y abrigarse correctamente con gorros, guantes y bufandas, cubriendo principalmente la nariz y la boca, y consumir alimentos ricos en vitamina C para fortalecer el sistema inmunol\u00f3gico.<br>Tambi\u00e9n hizo un llamado a la poblaci\u00f3n para prestar especial atenci\u00f3n a los ni\u00f1os y adultos mayores, quienes son los m\u00e1s vulnerables a las bajas temperaturas; la direccion a su cargo se mantendr\u00e1 vigilante para brindar apoyo a las personas en situaci\u00f3n de calle, con el objetivo de hacer m\u00e1s llevadera la temporada invernal para quienes m\u00e1s lo necesiten.<\/p>\n","protected":false},"excerpt":{"rendered":"<p>-Pide a la ciudadania no bajar la guardia en esta temporada invernal.El Director de Protecci\u00f3n Civil municipal de Villa de Pozos, Antonio Z\u00fa\u00f1iga \u00c1vila, hizo un llamado a la poblaci\u00f3n para que no baje la guardia durante la presente temporada invernal, especialmente con la entrada del frente fr\u00edo No. 21 que registra ya bajas temperaturas.De [&hellip;]<\/p>\n","protected":false},"author":2,"featured_media":72289,"comment_status":"closed","ping_status":"closed","sticky":false,"template":"","format":"standard","meta":{"footnotes":""},"categories":[116],"tags":[],"class_list":["post-72288","post","type-post","status-publish","format-standard","has-post-thumbnail","hentry","category-pais"],"_links":{"self":[{"href":"https:\/\/ecodelahuasteca.com\/index.php?rest_route=\/wp\/v2\/posts\/72288","targetHints":{"allow":["GET"]}}],"collection":[{"href":"https:\/\/ecodelahuasteca.com\/index.php?rest_route=\/wp\/v2\/posts"}],"about":[{"href":"https:\/\/ecodelahuasteca.com\/index.php?rest_route=\/wp\/v2\/types\/post"}],"author":[{"embeddable":true,"href":"https:\/\/ecodelahuasteca.com\/index.php?rest_route=\/wp\/v2\/users\/2"}],"replies":[{"embeddable":true,"href":"https:\/\/ecodelahuasteca.com\/index.php?rest_route=%2Fwp%2Fv2%2Fcomments&post=72288"}],"version-history":[{"count":0,"href":"https:\/\/ecodelahuasteca.com\/index.php?rest_route=\/wp\/v2\/posts\/72288\/revisions"}],"wp:featuredmedia":[{"embeddable":true,"href":"https:\/\/ecodelahuasteca.com\/index.php?rest_route=\/wp\/v2\/posts\/72289"}],"wp:attachment":[{"href":"https:\/\/ecodelahuasteca.com\/index.php?rest_route=%2Fwp%2Fv2%2Fmedia&parent=72288"}],"wp:term":[{"taxonomy":"category","embeddable":true,"href":"https:\/\/ecodelahuasteca.com\/index.php?rest_route=%2Fwp%2Fv2%2Fcategories&post=72288"},{"taxonomy":"post_tag","embeddable":true,"href":"https:\/\/ecodelahuasteca.com\/index.php?rest_route=%2Fwp%2Fv2%2Ftags&post=72288"}],"curies":[{"name":"wp","href":"https:\/\/api.w.org\/{rel}","templated":true}]}}