{"id":72652,"date":"2025-01-16T16:10:50","date_gmt":"2025-01-16T22:10:50","guid":{"rendered":"https:\/\/ecodelahuasteca.com\/?p=72652"},"modified":"2025-01-16T16:10:51","modified_gmt":"2025-01-16T22:10:51","slug":"con-intervencion-especial-ninas-y-ninos-participaron-en-la-consulta-a-comunidades-indigenas","status":"publish","type":"post","link":"https:\/\/ecodelahuasteca.com\/2025\/01\/16\/con-intervencion-especial-ninas-y-ninos-participaron-en-la-consulta-a-comunidades-indigenas\/","title":{"rendered":"CON INTERVENCI\u00d3N ESPECIAL, NI\u00d1AS Y NI\u00d1OS PARTICIPARON EN LA CONSULTA A COMUNIDADES IND\u00cdGENAS"},"content":{"rendered":"\n<p>En el marco de la tercera jornada de la Consulta a Comunidades Ind\u00edgenas, el Grupo T\u00e9cnico Operativo desarroll\u00f3 una intervenci\u00f3n especial dirigida a ni\u00f1as y ni\u00f1os del ejido Ojo de Agua. A la par, se llev\u00f3 a cabo una consulta con autoridades de las comunidades de Chical 1, Chical 2, La Pitaya y Ojo de Agua.<\/p>\n\n\n\n<p>A trav\u00e9s de actividades l\u00fadicas, juegos y expresiones art\u00edsticas, se logr\u00f3 recabar la opini\u00f3n de m\u00e1s de 25 ni\u00f1as y ni\u00f1os. Esta din\u00e1mica permiti\u00f3 captar una perspectiva \u00fanica e invaluable que ser\u00e1 considerada en la elaboraci\u00f3n del Plan Municipal de Desarrollo 2024-2027.<\/p>\n\n\n\n<p>Es importante destacar que personal del Instituto de Desarrollo Humano y Social de los Pueblos y Comunidades Ind\u00edgenas (INDEPI) estuvo presente, certificando que los trabajos realizados cumplan con los principios establecidos en la Ley de Consulta a Comunidades Ind\u00edgenas.<\/p>\n\n\n\n<p>Hasta el momento, se han generado m\u00e1s de 150 propuestas por parte de las comunidades participantes, consolidando esta jornada como una experiencia sumamente fruct\u00edfera. Adem\u00e1s, a\u00fan restan dos jornadas m\u00e1s: el s\u00e1bado 18 de enero en El Pujal y el domingo 19 en la Plaza Hidalgo, en Ciudad Valles.<\/p>\n\n\n\n<p>La integraci\u00f3n de la visi\u00f3n de ni\u00f1as y ni\u00f1os en este proceso subraya la importancia de su participaci\u00f3n en la construcci\u00f3n de pol\u00edticas p\u00fablicas inclusivas y acordes a las necesidades de sus comunidades.<\/p>\n","protected":false},"excerpt":{"rendered":"<p>En el marco de la tercera jornada de la Consulta a Comunidades Ind\u00edgenas, el Grupo T\u00e9cnico Operativo desarroll\u00f3 una intervenci\u00f3n especial dirigida a ni\u00f1as y ni\u00f1os del ejido Ojo de Agua. A la par, se llev\u00f3 a cabo una consulta con autoridades de las comunidades de Chical 1, Chical 2, La Pitaya y Ojo de [&hellip;]<\/p>\n","protected":false},"author":2,"featured_media":72653,"comment_status":"closed","ping_status":"closed","sticky":false,"template":"","format":"standard","meta":{"_et_pb_use_builder":"","_et_pb_old_content":"","_et_gb_content_width":"","footnotes":""},"categories":[114],"tags":[],"class_list":["post-72652","post","type-post","status-publish","format-standard","has-post-thumbnail","hentry","category-cd-valles"],"_links":{"self":[{"href":"https:\/\/ecodelahuasteca.com\/wp-json\/wp\/v2\/posts\/72652","targetHints":{"allow":["GET"]}}],"collection":[{"href":"https:\/\/ecodelahuasteca.com\/wp-json\/wp\/v2\/posts"}],"about":[{"href":"https:\/\/ecodelahuasteca.com\/wp-json\/wp\/v2\/types\/post"}],"author":[{"embeddable":true,"href":"https:\/\/ecodelahuasteca.com\/wp-json\/wp\/v2\/users\/2"}],"replies":[{"embeddable":true,"href":"https:\/\/ecodelahuasteca.com\/wp-json\/wp\/v2\/comments?post=72652"}],"version-history":[{"count":0,"href":"https:\/\/ecodelahuasteca.com\/wp-json\/wp\/v2\/posts\/72652\/revisions"}],"wp:featuredmedia":[{"embeddable":true,"href":"https:\/\/ecodelahuasteca.com\/wp-json\/wp\/v2\/posts\/72653"}],"wp:attachment":[{"href":"https:\/\/ecodelahuasteca.com\/wp-json\/wp\/v2\/media?parent=72652"}],"wp:term":[{"taxonomy":"category","embeddable":true,"href":"https:\/\/ecodelahuasteca.com\/wp-json\/wp\/v2\/categories?post=72652"},{"taxonomy":"post_tag","embeddable":true,"href":"https:\/\/ecodelahuasteca.com\/wp-json\/wp\/v2\/tags?post=72652"}],"curies":[{"name":"wp","href":"https:\/\/api.w.org\/{rel}","templated":true}]}}