{"id":72882,"date":"2025-01-22T15:52:59","date_gmt":"2025-01-22T21:52:59","guid":{"rendered":"https:\/\/ecodelahuasteca.com\/?p=72882"},"modified":"2025-01-22T15:52:59","modified_gmt":"2025-01-22T21:52:59","slug":"se-logra-con-exito-la-vinculacion-laboral-de-una-persona-con-discapacidad","status":"publish","type":"post","link":"https:\/\/ecodelahuasteca.com\/?p=72882","title":{"rendered":"SE LOGRA CON \u00c9XITO LA VINCULACI\u00d3N LABORAL DE UNA PERSONA CON DISCAPACIDAD"},"content":{"rendered":"\n<p>El H. Ayuntamiento de Ciudad Valles, que encabeza el Presidente Municipal David Armando Medina Salazar, reafirma su compromiso con la inclusi\u00f3n y el desarrollo integral de todos los sectores de la poblaci\u00f3n. Dando seguimiento a la reciente Consulta Ciudadana dirigida a personas con discapacidad, se logr\u00f3 identificar necesidades espec\u00edficas y, como resultado, concretar con \u00e9xito la primera vinculaci\u00f3n laboral.<\/p>\n\n\n\n<p>Este logro se concret\u00f3 ayer martes, cuando una empresa local del sector hotelero dio un paso significativo al incorporar a su equipo a una persona con discapacidad que, llena de entusiasmo y deseos de desarrollarse en el \u00e1mbito laboral, se desempe\u00f1ar\u00e1 en el \u00e1rea de preparaci\u00f3n de alimentos. Con esta acci\u00f3n, la empresa suma ya a dos personas con discapacidad a su equipo, mostrando un ejemplo de responsabilidad social e inclusi\u00f3n laboral.<\/p>\n\n\n\n<p>Ana Lizette D\u00e1vila Castillo, titular de la Direcci\u00f3n de Fomento al Empleo, calific\u00f3 este acontecimiento como un gran logro para el municipio, ya que representa la primera vinculaci\u00f3n laboral concretada con \u00e9xito a trav\u00e9s de su departamento. Adem\u00e1s, enfatiz\u00f3 el inter\u00e9s del Presidente Municipal David Medina Salazar, por generar oportunidades para este sector, destacando que esta administraci\u00f3n trabaja d\u00eda a d\u00eda por derribar barreras y abrir puertas que permitan a todos los ciudadanos alcanzar su m\u00e1ximo potencial.<\/p>\n\n\n\n<p>La familia de la persona vinculada expres\u00f3 su agradecimiento por esta oportunidad, reconociendo el compromiso y la sensibilidad de la administraci\u00f3n municipal para buscar espacios laborales inclusivos. Este es un ejemplo de c\u00f3mo el esfuerzo conjunto entre el gobierno, las empresas y la sociedad puede contribuir al bienestar de toda la comunidad.<\/p>\n\n\n\n<p>Por su parte, por encomienda del director de Desarrollo Econ\u00f3mico y Empresarial, Jes\u00fas Guadalupe Gonz\u00e1lez Vargas, y siguiendo las instrucciones del Presidente Municipal, David Medina Salazar, se invitar\u00e1 a sumarse a esta inclusi\u00f3n laboral a las empresas que participen en la Primera Gran Feria del Empleo 2025, que se realizar\u00e1 este jueves 23 de enero, organizada por la Secretar\u00eda del Trabajo y Previsi\u00f3n Social, en coordinaci\u00f3n con el SNE, la Direcci\u00f3n de Fomento al Empleo y el departamento de Desarrollo Empresarial, en un sal\u00f3n ubicado frente a Finanzas, en calle Ju\u00e1rez, de 9:00 a.m. a 2:00 p.m.<\/p>\n","protected":false},"excerpt":{"rendered":"<p>El H. Ayuntamiento de Ciudad Valles, que encabeza el Presidente Municipal David Armando Medina Salazar, reafirma su compromiso con la inclusi\u00f3n y el desarrollo integral de todos los sectores de la poblaci\u00f3n. Dando seguimiento a la reciente Consulta Ciudadana dirigida a personas con discapacidad, se logr\u00f3 identificar necesidades espec\u00edficas y, como resultado, concretar con \u00e9xito [&hellip;]<\/p>\n","protected":false},"author":2,"featured_media":72883,"comment_status":"closed","ping_status":"closed","sticky":false,"template":"","format":"standard","meta":{"footnotes":""},"categories":[114],"tags":[],"class_list":["post-72882","post","type-post","status-publish","format-standard","has-post-thumbnail","hentry","category-cd-valles"],"_links":{"self":[{"href":"https:\/\/ecodelahuasteca.com\/index.php?rest_route=\/wp\/v2\/posts\/72882","targetHints":{"allow":["GET"]}}],"collection":[{"href":"https:\/\/ecodelahuasteca.com\/index.php?rest_route=\/wp\/v2\/posts"}],"about":[{"href":"https:\/\/ecodelahuasteca.com\/index.php?rest_route=\/wp\/v2\/types\/post"}],"author":[{"embeddable":true,"href":"https:\/\/ecodelahuasteca.com\/index.php?rest_route=\/wp\/v2\/users\/2"}],"replies":[{"embeddable":true,"href":"https:\/\/ecodelahuasteca.com\/index.php?rest_route=%2Fwp%2Fv2%2Fcomments&post=72882"}],"version-history":[{"count":0,"href":"https:\/\/ecodelahuasteca.com\/index.php?rest_route=\/wp\/v2\/posts\/72882\/revisions"}],"wp:featuredmedia":[{"embeddable":true,"href":"https:\/\/ecodelahuasteca.com\/index.php?rest_route=\/wp\/v2\/posts\/72883"}],"wp:attachment":[{"href":"https:\/\/ecodelahuasteca.com\/index.php?rest_route=%2Fwp%2Fv2%2Fmedia&parent=72882"}],"wp:term":[{"taxonomy":"category","embeddable":true,"href":"https:\/\/ecodelahuasteca.com\/index.php?rest_route=%2Fwp%2Fv2%2Fcategories&post=72882"},{"taxonomy":"post_tag","embeddable":true,"href":"https:\/\/ecodelahuasteca.com\/index.php?rest_route=%2Fwp%2Fv2%2Ftags&post=72882"}],"curies":[{"name":"wp","href":"https:\/\/api.w.org\/{rel}","templated":true}]}}