{"id":77708,"date":"2025-04-30T13:38:39","date_gmt":"2025-04-30T19:38:39","guid":{"rendered":"https:\/\/ecodelahuasteca.com\/?p=77708"},"modified":"2025-04-30T13:38:40","modified_gmt":"2025-04-30T19:38:40","slug":"toma-de-protesta-del-cabildo-infantil-en-el-marco-del-programa-nino-presidente-por-un-dia","status":"publish","type":"post","link":"https:\/\/ecodelahuasteca.com\/?p=77708","title":{"rendered":"Toma de protesta del Cabildo Infantil en el marco del programa \u201cNi\u00f1o Presidente por un D\u00eda\u201d"},"content":{"rendered":"\n<p>Con el firme compromiso de promover la participaci\u00f3n c\u00edvica desde temprana edad, el H. Ayuntamiento llev\u00f3 a cabo el d\u00eda de ayer la toma de protesta del Cabildo Infantil, como parte del programa \u201cNi\u00f1o Presidente por un D\u00eda\u201d, una iniciativa que busca acercar y fomentar en ellos los valores democr\u00e1ticos y el liderazgo.<\/p>\n\n\n\n<p>Durante la sesi\u00f3n solemne, el Ni\u00f1o Presidente Oswaldo Edrey Rosales Hern\u00e1ndez asumi\u00f3 de manera simb\u00f3lica la presidencia municipal, acompa\u00f1ado por ni\u00f1as y ni\u00f1os que representaron los cargos de s\u00edndico y regidores infantiles. Cada uno expres\u00f3 propuestas y reflexiones orientadas al bienestar de la comunidad, demostrando un gran inter\u00e9s por contribuir a un municipio m\u00e1s justo y participativo.<\/p>\n\n\n\n<p>La actividad cont\u00f3 con la presencia de la Presidenta Municipal, Lic. Olga Karina Luna Flores, quien reconoci\u00f3 la importancia de abrir espacios para que la ni\u00f1ez se exprese, participe y se involucre en los procesos de gobierno.<\/p>\n\n\n\n<p>El Cabildo Infantil representa un valioso ejercicio de formaci\u00f3n ciudadana que deja huella en quienes participan, fortaleciendo la construcci\u00f3n de una sociedad m\u00e1s informada, participativa y consciente.<\/p>\n","protected":false},"excerpt":{"rendered":"<p>Con el firme compromiso de promover la participaci\u00f3n c\u00edvica desde temprana edad, el H. Ayuntamiento llev\u00f3 a cabo el d\u00eda de ayer la toma de protesta del Cabildo Infantil, como parte del programa \u201cNi\u00f1o Presidente por un D\u00eda\u201d, una iniciativa que busca acercar y fomentar en ellos los valores democr\u00e1ticos y el liderazgo. Durante la [&hellip;]<\/p>\n","protected":false},"author":2,"featured_media":77709,"comment_status":"closed","ping_status":"closed","sticky":false,"template":"","format":"standard","meta":{"footnotes":""},"categories":[177],"tags":[],"class_list":["post-77708","post","type-post","status-publish","format-standard","has-post-thumbnail","hentry","category-tancanhuitz"],"_links":{"self":[{"href":"https:\/\/ecodelahuasteca.com\/index.php?rest_route=\/wp\/v2\/posts\/77708","targetHints":{"allow":["GET"]}}],"collection":[{"href":"https:\/\/ecodelahuasteca.com\/index.php?rest_route=\/wp\/v2\/posts"}],"about":[{"href":"https:\/\/ecodelahuasteca.com\/index.php?rest_route=\/wp\/v2\/types\/post"}],"author":[{"embeddable":true,"href":"https:\/\/ecodelahuasteca.com\/index.php?rest_route=\/wp\/v2\/users\/2"}],"replies":[{"embeddable":true,"href":"https:\/\/ecodelahuasteca.com\/index.php?rest_route=%2Fwp%2Fv2%2Fcomments&post=77708"}],"version-history":[{"count":0,"href":"https:\/\/ecodelahuasteca.com\/index.php?rest_route=\/wp\/v2\/posts\/77708\/revisions"}],"wp:featuredmedia":[{"embeddable":true,"href":"https:\/\/ecodelahuasteca.com\/index.php?rest_route=\/wp\/v2\/posts\/77709"}],"wp:attachment":[{"href":"https:\/\/ecodelahuasteca.com\/index.php?rest_route=%2Fwp%2Fv2%2Fmedia&parent=77708"}],"wp:term":[{"taxonomy":"category","embeddable":true,"href":"https:\/\/ecodelahuasteca.com\/index.php?rest_route=%2Fwp%2Fv2%2Fcategories&post=77708"},{"taxonomy":"post_tag","embeddable":true,"href":"https:\/\/ecodelahuasteca.com\/index.php?rest_route=%2Fwp%2Fv2%2Ftags&post=77708"}],"curies":[{"name":"wp","href":"https:\/\/api.w.org\/{rel}","templated":true}]}}