{"id":77748,"date":"2025-04-30T21:46:48","date_gmt":"2025-05-01T03:46:48","guid":{"rendered":"https:\/\/ecodelahuasteca.com\/?p=77748"},"modified":"2025-04-30T21:46:49","modified_gmt":"2025-05-01T03:46:49","slug":"nina-presidenta-por-un-dia-toma-protesta-e-inaugura-obra-en-tandzumadz-tercera-seccion","status":"publish","type":"post","link":"https:\/\/ecodelahuasteca.com\/?p=77748","title":{"rendered":"Ni\u00f1a presidenta por un D\u00eda toma protesta e inaugura obra en Tandzumadz Tercera Secci\u00f3n."},"content":{"rendered":"\n<p>En un acto c\u00edvico significativo, se llev\u00f3 a cabo la toma de protesta del programa Ni\u00f1o Presidente por Un D\u00eda , donde la Ni\u00f1a Nahomi Betzab\u00e9 Vega S\u00e1nchez asumi\u00f3 el cargo de Presidenta Municipal por un D\u00eda, acompa\u00f1ada por su cabildo conformado por Jes\u00fas Armando Garc\u00eda Rivera, Naim Zaras\u00faa Cabrera, Santiago Constantino Llamazares Lara, Leilany Mishelle Mart\u00ednez Rocha y Esperanza Guadalupe Hern\u00e1ndez Almaz\u00e1n, quienes tomaron protesta como regidores.<\/p>\n\n\n\n<p>El evento fue presidido por el Presidente Municipal Constitucional, Prof. Ram\u00f3n Mart\u00ednez Avit\u00fad, quien reconoci\u00f3 el esfuerzo y compromiso de las y los participantes, destacando la importancia de fomentar la participaci\u00f3n ciudadana y el inter\u00e9s por la funci\u00f3n p\u00fablica desde temprana edad.<\/p>\n\n\n\n<p>Como parte de su jornada, el Cabildo por un D\u00eda realiz\u00f3 una visita a la comunidad de Tandzumadz Tercera Secci\u00f3n, donde encabezaron la inauguraci\u00f3n del futuro Tanque de Almacenamiento de Agua, una obra de gran impacto que beneficiar\u00e1 a m\u00e1s de 100 familias de la zona, quienes se mostraron agradecidas por esta importante gesti\u00f3n que contribuir\u00e1 al bienestar de la comunidad.<\/p>\n\n\n\n<p>Con este tipo de actividades, el Gobierno Municipal de Huehuetl\u00e1n reafirma su compromiso con la formaci\u00f3n c\u00edvica de la ni\u00f1ez y juventud, as\u00ed como con el desarrollo de obras que mejoren la calidad de vida de los habitantes del municipio.<\/p>\n","protected":false},"excerpt":{"rendered":"<p>En un acto c\u00edvico significativo, se llev\u00f3 a cabo la toma de protesta del programa Ni\u00f1o Presidente por Un D\u00eda , donde la Ni\u00f1a Nahomi Betzab\u00e9 Vega S\u00e1nchez asumi\u00f3 el cargo de Presidenta Municipal por un D\u00eda, acompa\u00f1ada por su cabildo conformado por Jes\u00fas Armando Garc\u00eda Rivera, Naim Zaras\u00faa Cabrera, Santiago Constantino Llamazares Lara, Leilany [&hellip;]<\/p>\n","protected":false},"author":2,"featured_media":77750,"comment_status":"closed","ping_status":"closed","sticky":false,"template":"","format":"standard","meta":{"footnotes":""},"categories":[115],"tags":[],"class_list":["post-77748","post","type-post","status-publish","format-standard","has-post-thumbnail","hentry","category-huasteca-potosina"],"_links":{"self":[{"href":"https:\/\/ecodelahuasteca.com\/index.php?rest_route=\/wp\/v2\/posts\/77748","targetHints":{"allow":["GET"]}}],"collection":[{"href":"https:\/\/ecodelahuasteca.com\/index.php?rest_route=\/wp\/v2\/posts"}],"about":[{"href":"https:\/\/ecodelahuasteca.com\/index.php?rest_route=\/wp\/v2\/types\/post"}],"author":[{"embeddable":true,"href":"https:\/\/ecodelahuasteca.com\/index.php?rest_route=\/wp\/v2\/users\/2"}],"replies":[{"embeddable":true,"href":"https:\/\/ecodelahuasteca.com\/index.php?rest_route=%2Fwp%2Fv2%2Fcomments&post=77748"}],"version-history":[{"count":0,"href":"https:\/\/ecodelahuasteca.com\/index.php?rest_route=\/wp\/v2\/posts\/77748\/revisions"}],"wp:featuredmedia":[{"embeddable":true,"href":"https:\/\/ecodelahuasteca.com\/index.php?rest_route=\/wp\/v2\/posts\/77750"}],"wp:attachment":[{"href":"https:\/\/ecodelahuasteca.com\/index.php?rest_route=%2Fwp%2Fv2%2Fmedia&parent=77748"}],"wp:term":[{"taxonomy":"category","embeddable":true,"href":"https:\/\/ecodelahuasteca.com\/index.php?rest_route=%2Fwp%2Fv2%2Fcategories&post=77748"},{"taxonomy":"post_tag","embeddable":true,"href":"https:\/\/ecodelahuasteca.com\/index.php?rest_route=%2Fwp%2Fv2%2Ftags&post=77748"}],"curies":[{"name":"wp","href":"https:\/\/api.w.org\/{rel}","templated":true}]}}