{"id":77864,"date":"2025-05-03T18:08:53","date_gmt":"2025-05-04T00:08:53","guid":{"rendered":"https:\/\/ecodelahuasteca.com\/?p=77864"},"modified":"2025-05-03T18:08:54","modified_gmt":"2025-05-04T00:08:54","slug":"presidente-municipal-asiste-a-asamblea-comunitaria-en-tzineja-2-sobre-el-programa-fais","status":"publish","type":"post","link":"https:\/\/ecodelahuasteca.com\/?p=77864","title":{"rendered":"Presidente Municipal Asiste a Asamblea Comunitaria en Tzineja 2 sobre el Programa FAIS"},"content":{"rendered":"\n<p>El Presidente Municipal Profr. Ram\u00f3n Mart\u00ednez Avitud asistio este d\u00eda a la localidad de Tzineja 2 para participar en una importante asamblea comunitaria en el marco del Programa de Fondo de Aportaciones para la Infraestructura Social (FAIS).<\/p>\n\n\n\n<p>La reuni\u00f3n fue encabezada por los coordinadores de Bienestar, la Maestra. Guadalupe Mart\u00ednez Avitud y Jorge Mu\u00f1oz M\u00e1rquez, acompa\u00f1ados por los Servidores de la Naci\u00f3n, quienes presentaron informaci\u00f3n relevante sobre los beneficios y lineamientos del programa, as\u00ed como su impacto en las comunidades ind\u00edgenas y de alta marginaci\u00f3n.<\/p>\n\n\n\n<p>Durante el evento se cont\u00f3 con la valiosa presencia de representantes del Instituto Nacional de los Pueblos Ind\u00edgenas (INPI), quienes reiteraron su compromiso con el desarrollo social y el respeto a los usos y costumbres de las comunidades.<\/p>\n\n\n\n<p>El Presidente Municipal agradeci\u00f3 a las y los habitantes de Tzineja 2 por su participaci\u00f3n activa y por expresar de manera clara sus necesidades y propuestas. Asimismo, expres\u00f3 su reconocimiento al trabajo coordinado con el Gobierno Federal, el INPI y los representantes de Bienestar, quienes trabajan incansablemente por el bienestar de todas las familias huehuetlenses.<\/p>\n\n\n\n<p>\u201cSeguimos trabajando juntos, pueblo y gobierno, para lograr una mejor calidad de vida en cada rinc\u00f3n de nuestro municipio,\u201d puntualiz\u00f3 el edil.<\/p>\n\n\n\n<h1 class=\"\\&quot;wp-block-heading\\&quot; wp-block-heading\">TuBienestarNuestroCompromiso<\/h1>\n","protected":false},"excerpt":{"rendered":"<p>El Presidente Municipal Profr. Ram\u00f3n Mart\u00ednez Avitud asistio este d\u00eda a la localidad de Tzineja 2 para participar en una importante asamblea comunitaria en el marco del Programa de Fondo de Aportaciones para la Infraestructura Social (FAIS). La reuni\u00f3n fue encabezada por los coordinadores de Bienestar, la Maestra. Guadalupe Mart\u00ednez Avitud y Jorge Mu\u00f1oz M\u00e1rquez, [&hellip;]<\/p>\n","protected":false},"author":2,"featured_media":77866,"comment_status":"closed","ping_status":"closed","sticky":false,"template":"","format":"standard","meta":{"footnotes":""},"categories":[115],"tags":[],"class_list":["post-77864","post","type-post","status-publish","format-standard","has-post-thumbnail","hentry","category-huasteca-potosina"],"_links":{"self":[{"href":"https:\/\/ecodelahuasteca.com\/index.php?rest_route=\/wp\/v2\/posts\/77864","targetHints":{"allow":["GET"]}}],"collection":[{"href":"https:\/\/ecodelahuasteca.com\/index.php?rest_route=\/wp\/v2\/posts"}],"about":[{"href":"https:\/\/ecodelahuasteca.com\/index.php?rest_route=\/wp\/v2\/types\/post"}],"author":[{"embeddable":true,"href":"https:\/\/ecodelahuasteca.com\/index.php?rest_route=\/wp\/v2\/users\/2"}],"replies":[{"embeddable":true,"href":"https:\/\/ecodelahuasteca.com\/index.php?rest_route=%2Fwp%2Fv2%2Fcomments&post=77864"}],"version-history":[{"count":0,"href":"https:\/\/ecodelahuasteca.com\/index.php?rest_route=\/wp\/v2\/posts\/77864\/revisions"}],"wp:featuredmedia":[{"embeddable":true,"href":"https:\/\/ecodelahuasteca.com\/index.php?rest_route=\/wp\/v2\/posts\/77866"}],"wp:attachment":[{"href":"https:\/\/ecodelahuasteca.com\/index.php?rest_route=%2Fwp%2Fv2%2Fmedia&parent=77864"}],"wp:term":[{"taxonomy":"category","embeddable":true,"href":"https:\/\/ecodelahuasteca.com\/index.php?rest_route=%2Fwp%2Fv2%2Fcategories&post=77864"},{"taxonomy":"post_tag","embeddable":true,"href":"https:\/\/ecodelahuasteca.com\/index.php?rest_route=%2Fwp%2Fv2%2Ftags&post=77864"}],"curies":[{"name":"wp","href":"https:\/\/api.w.org\/{rel}","templated":true}]}}