{"id":77874,"date":"2025-05-03T22:08:20","date_gmt":"2025-05-04T04:08:20","guid":{"rendered":"https:\/\/ecodelahuasteca.com\/?p=77874"},"modified":"2025-05-03T22:08:21","modified_gmt":"2025-05-04T04:08:21","slug":"autoridades-de-tamapatz-y-sus-barrios-emiten-convocatoria-a-reunion-de-asamblea-general","status":"publish","type":"post","link":"https:\/\/ecodelahuasteca.com\/?p=77874","title":{"rendered":"AUTORIDADES DE TAMAPATZ Y SUS BARRIOS EMITEN CONVOCATORIA A REUNI\u00d3N DE ASAMBLEA GENERAL"},"content":{"rendered":"\n<p><br>Para elegir al Comit\u00e9 de obras comunitario. La cita es el miercoles 07 de mayo a las 11 de la ma\u00f1ana en el auditorio de Tamapatz centro.<\/p>\n\n\n\n<p>Tamapatz, Aquism\u00f3n.- Por usos y costumbres y de acuerdo al Art\u00edculo 2o. de la nueva reforma constitucional que reconoce autonom\u00eda a los pueblos y comunidades ind\u00edgenas, autoridades de los 27 barrios de Tamapatz, emitieron la convocatoria a reuni\u00f3n de asamblea general extraordinaria para el mi\u00e9rcoles 07 de mayo a las 11 de la ma\u00f1ana en el auditorio de Tamapatz centro, notificando e invitando a dicha asamblea a funcionarios de la Secretar\u00eda del Bienestar y del INPI.<\/p>\n\n\n\n<p>La finalidad de la asamblea general es la elecci\u00f3n del comit\u00e9 de obras comunitario que ejercer\u00e1 los recursos federales del programa FAISPIAM.<\/p>\n\n\n\n<p>La mencionada convocatoria de las autoridades de Tamapatz fue entregada a funcionarios del Instituto Nacional de Pueblos Ind\u00edgenas con sede en Tancanhuitz y a servidores de la naci\u00f3n de la oficina en Aquism\u00f3n de la Secretar\u00eda del Bienestar, para que asistan y sean testigos de los acuerdos tomados en la asamblea general.<\/p>\n","protected":false},"excerpt":{"rendered":"<p>Para elegir al Comit\u00e9 de obras comunitario. La cita es el miercoles 07 de mayo a las 11 de la ma\u00f1ana en el auditorio de Tamapatz centro. Tamapatz, Aquism\u00f3n.- Por usos y costumbres y de acuerdo al Art\u00edculo 2o. de la nueva reforma constitucional que reconoce autonom\u00eda a los pueblos y comunidades ind\u00edgenas, autoridades de [&hellip;]<\/p>\n","protected":false},"author":2,"featured_media":77875,"comment_status":"closed","ping_status":"closed","sticky":false,"template":"","format":"standard","meta":{"footnotes":""},"categories":[178],"tags":[],"class_list":["post-77874","post","type-post","status-publish","format-standard","has-post-thumbnail","hentry","category-aquismon"],"_links":{"self":[{"href":"https:\/\/ecodelahuasteca.com\/index.php?rest_route=\/wp\/v2\/posts\/77874","targetHints":{"allow":["GET"]}}],"collection":[{"href":"https:\/\/ecodelahuasteca.com\/index.php?rest_route=\/wp\/v2\/posts"}],"about":[{"href":"https:\/\/ecodelahuasteca.com\/index.php?rest_route=\/wp\/v2\/types\/post"}],"author":[{"embeddable":true,"href":"https:\/\/ecodelahuasteca.com\/index.php?rest_route=\/wp\/v2\/users\/2"}],"replies":[{"embeddable":true,"href":"https:\/\/ecodelahuasteca.com\/index.php?rest_route=%2Fwp%2Fv2%2Fcomments&post=77874"}],"version-history":[{"count":0,"href":"https:\/\/ecodelahuasteca.com\/index.php?rest_route=\/wp\/v2\/posts\/77874\/revisions"}],"wp:featuredmedia":[{"embeddable":true,"href":"https:\/\/ecodelahuasteca.com\/index.php?rest_route=\/wp\/v2\/posts\/77875"}],"wp:attachment":[{"href":"https:\/\/ecodelahuasteca.com\/index.php?rest_route=%2Fwp%2Fv2%2Fmedia&parent=77874"}],"wp:term":[{"taxonomy":"category","embeddable":true,"href":"https:\/\/ecodelahuasteca.com\/index.php?rest_route=%2Fwp%2Fv2%2Fcategories&post=77874"},{"taxonomy":"post_tag","embeddable":true,"href":"https:\/\/ecodelahuasteca.com\/index.php?rest_route=%2Fwp%2Fv2%2Ftags&post=77874"}],"curies":[{"name":"wp","href":"https:\/\/api.w.org\/{rel}","templated":true}]}}