{"id":77920,"date":"2025-05-05T11:33:49","date_gmt":"2025-05-05T17:33:49","guid":{"rendered":"https:\/\/ecodelahuasteca.com\/?p=77920"},"modified":"2025-05-05T11:33:50","modified_gmt":"2025-05-05T17:33:50","slug":"festejo-del-dia-del-nino-y-del-dia-de-las-madres-en-chununtzen-1-y-complemento","status":"publish","type":"post","link":"https:\/\/ecodelahuasteca.com\/?p=77920","title":{"rendered":"Festejo del D\u00eda del Ni\u00f1o y del D\u00eda de las Madres en Chununtzen 1 y Complemento"},"content":{"rendered":"\n<p>El Sistema Municipal para el Desarrollo Integral de la Familia (SMDIF), en coordinaci\u00f3n con las autoridades y comunidades de Chununtzen 1 y Complemento, llev\u00f3 a cabo con \u00e9xito los festejos con motivo del D\u00eda del Ni\u00f1o y del D\u00eda de las Madres.<\/p>\n\n\n\n<p>En un ambiente de alegr\u00eda y convivencia, las familias se unieron para celebrar a los m\u00e1s peque\u00f1os del hogar, quienes disfrutaron de actividades recreativas, juegos, regalos y sorpresas preparadas especialmente para ellos. Asimismo, se realiz\u00f3 un emotivo homenaje a las madres de ambas comunidades, reconociendo su amor, esfuerzo y dedicaci\u00f3n.<\/p>\n\n\n\n<p>Estas celebraciones fortalecen los lazos comunitarios y reafirman el compromiso del SMDIF con el bienestar y la integraci\u00f3n de las familias.<\/p>\n","protected":false},"excerpt":{"rendered":"<p>El Sistema Municipal para el Desarrollo Integral de la Familia (SMDIF), en coordinaci\u00f3n con las autoridades y comunidades de Chununtzen 1 y Complemento, llev\u00f3 a cabo con \u00e9xito los festejos con motivo del D\u00eda del Ni\u00f1o y del D\u00eda de las Madres. En un ambiente de alegr\u00eda y convivencia, las familias se unieron para celebrar [&hellip;]<\/p>\n","protected":false},"author":2,"featured_media":77921,"comment_status":"closed","ping_status":"closed","sticky":false,"template":"","format":"standard","meta":{"footnotes":""},"categories":[115],"tags":[],"class_list":["post-77920","post","type-post","status-publish","format-standard","has-post-thumbnail","hentry","category-huasteca-potosina"],"_links":{"self":[{"href":"https:\/\/ecodelahuasteca.com\/index.php?rest_route=\/wp\/v2\/posts\/77920","targetHints":{"allow":["GET"]}}],"collection":[{"href":"https:\/\/ecodelahuasteca.com\/index.php?rest_route=\/wp\/v2\/posts"}],"about":[{"href":"https:\/\/ecodelahuasteca.com\/index.php?rest_route=\/wp\/v2\/types\/post"}],"author":[{"embeddable":true,"href":"https:\/\/ecodelahuasteca.com\/index.php?rest_route=\/wp\/v2\/users\/2"}],"replies":[{"embeddable":true,"href":"https:\/\/ecodelahuasteca.com\/index.php?rest_route=%2Fwp%2Fv2%2Fcomments&post=77920"}],"version-history":[{"count":0,"href":"https:\/\/ecodelahuasteca.com\/index.php?rest_route=\/wp\/v2\/posts\/77920\/revisions"}],"wp:featuredmedia":[{"embeddable":true,"href":"https:\/\/ecodelahuasteca.com\/index.php?rest_route=\/wp\/v2\/posts\/77921"}],"wp:attachment":[{"href":"https:\/\/ecodelahuasteca.com\/index.php?rest_route=%2Fwp%2Fv2%2Fmedia&parent=77920"}],"wp:term":[{"taxonomy":"category","embeddable":true,"href":"https:\/\/ecodelahuasteca.com\/index.php?rest_route=%2Fwp%2Fv2%2Fcategories&post=77920"},{"taxonomy":"post_tag","embeddable":true,"href":"https:\/\/ecodelahuasteca.com\/index.php?rest_route=%2Fwp%2Fv2%2Ftags&post=77920"}],"curies":[{"name":"wp","href":"https:\/\/api.w.org\/{rel}","templated":true}]}}