{"id":81787,"date":"2025-08-11T20:24:49","date_gmt":"2025-08-12T02:24:49","guid":{"rendered":"https:\/\/ecodelahuasteca.com\/?p=81787"},"modified":"2025-08-11T20:24:50","modified_gmt":"2025-08-12T02:24:50","slug":"termina-vinculado-a-proceso-un-imputado-de-fiscalia-de-la-mujer-por-violacion-en-slp","status":"publish","type":"post","link":"https:\/\/ecodelahuasteca.com\/?p=81787","title":{"rendered":"TERMINA VINCULADO A PROCESO UN IMPUTADO DE FISCAL\u00cdA DE LA MUJER POR VIOLACI\u00d3N EN SLP"},"content":{"rendered":"\n<ul class=\"\\&quot;wp-block-list\\&quot; wp-block-list\">\n<li>Los hechos ocurrieron en la capital potosina<\/li>\n<\/ul>\n\n\n\n<p>Agentes obtuvieron el auto de vinculaci\u00f3n a proceso en contra de V\u00edctor \u201cN\u201d, despu\u00e9s de que fue se\u00f1alado por el delito de violaci\u00f3n espec\u00edfica agravada, indic\u00f3 la Fiscal\u00eda General del Estado de San Luis Potos\u00ed (FGESLP).<\/p>\n\n\n\n<p>De acuerdo con la imputaci\u00f3n formulada por la Fiscal\u00eda Especializada en la Atenci\u00f3n de la Mujer, la Familia y Delitos Sexuales, el imputado habr\u00eda aprovechado un momento a solas con una v\u00edctima de cuatro a\u00f1os de edad para agredirla sexualmente.<\/p>\n\n\n\n<p>El hecho, suscitado en la colonia Terremoto de la capital potosina, fue judicializado por una agente del Ministerio P\u00fablico, quien obtuvo la orden de aprehensi\u00f3n con la que elementos de la Polic\u00eda de Investigaci\u00f3n (PDI) detuvieron al se\u00f1alado.<\/p>\n\n\n\n<p>Posteriormente, personal de la Fiscal\u00eda de la Mujer present\u00f3 a V\u00edctor \u201cN\u201d ante la autoridad judicial, donde se solicit\u00f3 su vinculaci\u00f3n a proceso y la imposici\u00f3n de la medida cautelar de prisi\u00f3n preventiva oficiosa.<\/p>\n\n\n\n<p>Ambas solicitudes fueron concedidas por el Juez de Control, quien adem\u00e1s fij\u00f3 un plazo de tres meses para la investigaci\u00f3n complementaria, en la que las partes podr\u00e1n aportar m\u00e1s datos de prueba.<\/p>\n\n\n\n<h1 class=\"\\&quot;wp-block-heading\\&quot; wp-block-heading\">FGESLP<\/h1>\n","protected":false},"excerpt":{"rendered":"<p>Agentes obtuvieron el auto de vinculaci\u00f3n a proceso en contra de V\u00edctor \u201cN\u201d, despu\u00e9s de que fue se\u00f1alado por el delito de violaci\u00f3n espec\u00edfica agravada, indic\u00f3 la Fiscal\u00eda General del Estado de San Luis Potos\u00ed (FGESLP). De acuerdo con la imputaci\u00f3n formulada por la Fiscal\u00eda Especializada en la Atenci\u00f3n de la Mujer, la Familia y [&hellip;]<\/p>\n","protected":false},"author":2,"featured_media":81788,"comment_status":"closed","ping_status":"closed","sticky":false,"template":"","format":"standard","meta":{"footnotes":""},"categories":[85],"tags":[],"class_list":["post-81787","post","type-post","status-publish","format-standard","has-post-thumbnail","hentry","category-nota-roja"],"_links":{"self":[{"href":"https:\/\/ecodelahuasteca.com\/index.php?rest_route=\/wp\/v2\/posts\/81787","targetHints":{"allow":["GET"]}}],"collection":[{"href":"https:\/\/ecodelahuasteca.com\/index.php?rest_route=\/wp\/v2\/posts"}],"about":[{"href":"https:\/\/ecodelahuasteca.com\/index.php?rest_route=\/wp\/v2\/types\/post"}],"author":[{"embeddable":true,"href":"https:\/\/ecodelahuasteca.com\/index.php?rest_route=\/wp\/v2\/users\/2"}],"replies":[{"embeddable":true,"href":"https:\/\/ecodelahuasteca.com\/index.php?rest_route=%2Fwp%2Fv2%2Fcomments&post=81787"}],"version-history":[{"count":0,"href":"https:\/\/ecodelahuasteca.com\/index.php?rest_route=\/wp\/v2\/posts\/81787\/revisions"}],"wp:featuredmedia":[{"embeddable":true,"href":"https:\/\/ecodelahuasteca.com\/index.php?rest_route=\/wp\/v2\/posts\/81788"}],"wp:attachment":[{"href":"https:\/\/ecodelahuasteca.com\/index.php?rest_route=%2Fwp%2Fv2%2Fmedia&parent=81787"}],"wp:term":[{"taxonomy":"category","embeddable":true,"href":"https:\/\/ecodelahuasteca.com\/index.php?rest_route=%2Fwp%2Fv2%2Fcategories&post=81787"},{"taxonomy":"post_tag","embeddable":true,"href":"https:\/\/ecodelahuasteca.com\/index.php?rest_route=%2Fwp%2Fv2%2Ftags&post=81787"}],"curies":[{"name":"wp","href":"https:\/\/api.w.org\/{rel}","templated":true}]}}