{"id":81793,"date":"2025-08-11T21:28:36","date_gmt":"2025-08-12T03:28:36","guid":{"rendered":"https:\/\/ecodelahuasteca.com\/?p=81793"},"modified":"2025-08-11T21:28:37","modified_gmt":"2025-08-12T03:28:37","slug":"obtiene-fiscalia-de-slp-vinculacion-a-proceso-para-pedro-n-por-homicidio-ocurrido-en-matehuala","status":"publish","type":"post","link":"https:\/\/ecodelahuasteca.com\/?p=81793","title":{"rendered":"OBTIENE FISCAL\u00cdA DE SLP VINCULACI\u00d3N A PROCESO PARA PEDRO \u201cN\u201d POR HOMICIDIO OCURRIDO EN MATEHUALA"},"content":{"rendered":"\n<ul class=\"\\&quot;wp-block-list\\&quot; wp-block-list\">\n<li>La autoridad judicial impuso la medida cautelar de prisi\u00f3n preventiva oficiosa en contra del imputado<\/li>\n<\/ul>\n\n\n\n<p>La Fiscal\u00eda General del Estado de San Luis Potos\u00ed (FGESLP) informa la vinculaci\u00f3n a proceso de Pedro \u201cN\u201d por su posible intervenci\u00f3n en el delito de homicidio, as\u00ed como la medida cautelar de prisi\u00f3n preventiva oficiosa, como resultado de la imputaci\u00f3n realizada en audiencia por agentes del Ministerio P\u00fablico.<\/p>\n\n\n\n<p>El se\u00f1alado habr\u00eda cometido el il\u00edcito el 1 de agosto de 2025, cuando presumiblemente agredi\u00f3 a la v\u00edctima en un domicilio ubicado en la colonia Las \u00c1nimas, en Matehuala.<\/p>\n\n\n\n<p>Derivado de lo anterior, personal de la FGESLP inici\u00f3 una carpeta de investigaci\u00f3n en la que se recabaron entrevistas y datos de prueba que establecieron la probable participaci\u00f3n de Pedro \u201cN\u201d en el fallecimiento de la v\u00edctima; por ello, a trav\u00e9s de una orden de aprehensi\u00f3n obsequiada por un Juez de Control, se logr\u00f3 la captura del se\u00f1alado.<\/p>\n\n\n\n<p>En audiencia de continuaci\u00f3n, los agentes Fiscales presentaron argumentos y realizaron la imputaci\u00f3n correspondiente ante un Juez de control, quien concedi\u00f3 la vinculaci\u00f3n a proceso, impuso la medida cautelar de prisi\u00f3n preventiva oficiosa y fij\u00f3 un plazo de tres meses para la investigaci\u00f3n complementaria.<\/p>\n\n\n\n<h1 class=\"\\&quot;wp-block-heading\\&quot; wp-block-heading\">FGESLP<\/h1>\n","protected":false},"excerpt":{"rendered":"<p>La Fiscal\u00eda General del Estado de San Luis Potos\u00ed (FGESLP) informa la vinculaci\u00f3n a proceso de Pedro \u201cN\u201d por su posible intervenci\u00f3n en el delito de homicidio, as\u00ed como la medida cautelar de prisi\u00f3n preventiva oficiosa, como resultado de la imputaci\u00f3n realizada en audiencia por agentes del Ministerio P\u00fablico. El se\u00f1alado habr\u00eda cometido el il\u00edcito [&hellip;]<\/p>\n","protected":false},"author":2,"featured_media":81794,"comment_status":"closed","ping_status":"closed","sticky":false,"template":"","format":"standard","meta":{"footnotes":""},"categories":[85],"tags":[],"class_list":["post-81793","post","type-post","status-publish","format-standard","has-post-thumbnail","hentry","category-nota-roja"],"_links":{"self":[{"href":"https:\/\/ecodelahuasteca.com\/index.php?rest_route=\/wp\/v2\/posts\/81793","targetHints":{"allow":["GET"]}}],"collection":[{"href":"https:\/\/ecodelahuasteca.com\/index.php?rest_route=\/wp\/v2\/posts"}],"about":[{"href":"https:\/\/ecodelahuasteca.com\/index.php?rest_route=\/wp\/v2\/types\/post"}],"author":[{"embeddable":true,"href":"https:\/\/ecodelahuasteca.com\/index.php?rest_route=\/wp\/v2\/users\/2"}],"replies":[{"embeddable":true,"href":"https:\/\/ecodelahuasteca.com\/index.php?rest_route=%2Fwp%2Fv2%2Fcomments&post=81793"}],"version-history":[{"count":0,"href":"https:\/\/ecodelahuasteca.com\/index.php?rest_route=\/wp\/v2\/posts\/81793\/revisions"}],"wp:featuredmedia":[{"embeddable":true,"href":"https:\/\/ecodelahuasteca.com\/index.php?rest_route=\/wp\/v2\/posts\/81794"}],"wp:attachment":[{"href":"https:\/\/ecodelahuasteca.com\/index.php?rest_route=%2Fwp%2Fv2%2Fmedia&parent=81793"}],"wp:term":[{"taxonomy":"category","embeddable":true,"href":"https:\/\/ecodelahuasteca.com\/index.php?rest_route=%2Fwp%2Fv2%2Fcategories&post=81793"},{"taxonomy":"post_tag","embeddable":true,"href":"https:\/\/ecodelahuasteca.com\/index.php?rest_route=%2Fwp%2Fv2%2Ftags&post=81793"}],"curies":[{"name":"wp","href":"https:\/\/api.w.org\/{rel}","templated":true}]}}