{"id":81841,"date":"2025-08-13T17:57:00","date_gmt":"2025-08-13T23:57:00","guid":{"rendered":"https:\/\/ecodelahuasteca.com\/?p=81841"},"modified":"2025-08-13T17:57:01","modified_gmt":"2025-08-13T23:57:01","slug":"fiscalia-de-pueblos-originarios-lleva-a-prision-preventiva-a-imputado-de-violacion-en-aquismon","status":"publish","type":"post","link":"https:\/\/ecodelahuasteca.com\/?p=81841","title":{"rendered":"FISCAL\u00cdA DE PUEBLOS ORIGINARIOS LLEVA A PRISI\u00d3N PREVENTIVA A IMPUTADO DE VIOLACI\u00d3N EN AQUISM\u00d3N"},"content":{"rendered":"\n<p>\u2022 Jes\u00fas \u201cN\u201d fue vinculado a proceso por el il\u00edcito mencionado, en agravio de una persona menor de edad<\/p>\n\n\n\n<p>Agentes de la Fiscal\u00eda Especializada para la Atenci\u00f3n de Personas, Pueblos y Comunidades Ind\u00edgenas lograron, en audiencia inicial, la vinculaci\u00f3n a proceso y la prisi\u00f3n preventiva oficiosa de Jes\u00fas \u201cN\u201d por su probable participaci\u00f3n en el delito de violaci\u00f3n espec\u00edfica en agravio de una persona menor de edad, ocurrido en el municipio de Aquism\u00f3n.<\/p>\n\n\n\n<p>Los hechos habr\u00edan ocurrido entre los meses de marzo y abril de 2025, cuando el imputado presuntamente cometi\u00f3 el il\u00edcito de \u00edndole sexual en contra de la v\u00edctima, cuya identidad se reserva por ley.<\/p>\n\n\n\n<p>La Fiscal\u00eda General del Estado de San Luis Potos\u00ed (FGESLP) inici\u00f3 las investigaciones correspondientes y, al establecer la probable participaci\u00f3n del se\u00f1alado, judicializ\u00f3 la carpeta y obtuvo de un Juez de control la orden de aprehensi\u00f3n. Esta fue cumplimentada en la localidad de La Joya de las Vacas.<\/p>\n\n\n\n<p>Posteriormente, agentes del Ministerio P\u00fablico Especializados presentaron los datos de prueba suficientes para que la autoridad judicial otorgara la vinculaci\u00f3n a proceso y la medida cautelar que mantendr\u00e1 al imputado en el centro penitenciario de la regi\u00f3n.<\/p>\n\n\n\n<p>Asimismo, se fij\u00f3 un plazo de cuatro meses para la investigaci\u00f3n complementaria, periodo en el que ambas partes podr\u00e1n aportar datos de prueba al proceso.<\/p>\n\n\n\n<h1 class=\"\\&quot;wp-block-heading\\&quot; wp-block-heading\">FGESLP<\/h1>\n","protected":false},"excerpt":{"rendered":"<p>\u2022 Jes\u00fas \u201cN\u201d fue vinculado a proceso por el il\u00edcito mencionado, en agravio de una persona menor de edad Agentes de la Fiscal\u00eda Especializada para la Atenci\u00f3n de Personas, Pueblos y Comunidades Ind\u00edgenas lograron, en audiencia inicial, la vinculaci\u00f3n a proceso y la prisi\u00f3n preventiva oficiosa de Jes\u00fas \u201cN\u201d por su probable participaci\u00f3n en el [&hellip;]<\/p>\n","protected":false},"author":2,"featured_media":81842,"comment_status":"closed","ping_status":"closed","sticky":false,"template":"","format":"standard","meta":{"footnotes":""},"categories":[85],"tags":[],"class_list":["post-81841","post","type-post","status-publish","format-standard","has-post-thumbnail","hentry","category-nota-roja"],"_links":{"self":[{"href":"https:\/\/ecodelahuasteca.com\/index.php?rest_route=\/wp\/v2\/posts\/81841","targetHints":{"allow":["GET"]}}],"collection":[{"href":"https:\/\/ecodelahuasteca.com\/index.php?rest_route=\/wp\/v2\/posts"}],"about":[{"href":"https:\/\/ecodelahuasteca.com\/index.php?rest_route=\/wp\/v2\/types\/post"}],"author":[{"embeddable":true,"href":"https:\/\/ecodelahuasteca.com\/index.php?rest_route=\/wp\/v2\/users\/2"}],"replies":[{"embeddable":true,"href":"https:\/\/ecodelahuasteca.com\/index.php?rest_route=%2Fwp%2Fv2%2Fcomments&post=81841"}],"version-history":[{"count":0,"href":"https:\/\/ecodelahuasteca.com\/index.php?rest_route=\/wp\/v2\/posts\/81841\/revisions"}],"wp:featuredmedia":[{"embeddable":true,"href":"https:\/\/ecodelahuasteca.com\/index.php?rest_route=\/wp\/v2\/posts\/81842"}],"wp:attachment":[{"href":"https:\/\/ecodelahuasteca.com\/index.php?rest_route=%2Fwp%2Fv2%2Fmedia&parent=81841"}],"wp:term":[{"taxonomy":"category","embeddable":true,"href":"https:\/\/ecodelahuasteca.com\/index.php?rest_route=%2Fwp%2Fv2%2Fcategories&post=81841"},{"taxonomy":"post_tag","embeddable":true,"href":"https:\/\/ecodelahuasteca.com\/index.php?rest_route=%2Fwp%2Fv2%2Ftags&post=81841"}],"curies":[{"name":"wp","href":"https:\/\/api.w.org\/{rel}","templated":true}]}}