{"id":81925,"date":"2025-08-15T20:35:22","date_gmt":"2025-08-16T02:35:22","guid":{"rendered":"https:\/\/ecodelahuasteca.com\/?p=81925"},"modified":"2025-08-15T20:35:22","modified_gmt":"2025-08-16T02:35:22","slug":"fiscalia-de-derechos-humanos-logra-vinculacion-a-proceso-contra-ivan-n-por-discriminacion-en-la-capital-de-slp","status":"publish","type":"post","link":"https:\/\/ecodelahuasteca.com\/?p=81925","title":{"rendered":"FISCAL\u00cdA DE DERECHOS HUMANOS LOGRA VINCULACI\u00d3N A PROCESO CONTRA IV\u00c1N \u201cN\u201d POR DISCRIMINACI\u00d3N EN LA CAPITAL DE SLP"},"content":{"rendered":"\n<ul class=\"\\&quot;wp-block-list\\&quot; wp-block-list\">\n<li>La v\u00edctima habr\u00eda solicitado una cotizaci\u00f3n a una cl\u00ednica maxilofacial y recibi\u00f3 mensajes con connotaciones homof\u00f3bicas<\/li>\n<\/ul>\n\n\n\n<p>La Fiscal\u00eda General del Estado de San Luis Potos\u00ed (FGESLP) obtuvo el auto de vinculaci\u00f3n a proceso en contra de un sujeto imputado por el delito de discriminaci\u00f3n en la capital potosina.<\/p>\n\n\n\n<p>La v\u00edctima, quien se identifica como mujer trans desde hace siete a\u00f1os, solicit\u00f3 una cotizaci\u00f3n para una intervenci\u00f3n en el rostro en una cl\u00ednica maxilofacial ubicada al poniente de la ciudad.<\/p>\n\n\n\n<p>Sin embargo, el se\u00f1alado, de nombre Iv\u00e1n \u201cN\u201d, envi\u00f3 mensajes de texto a la agraviada, presuntamente indic\u00e1ndole que por su orientaci\u00f3n sexual no le iba a regalar nada, y a\u00f1adi\u00f3 mensajes b\u00edblicos con connotaciones homof\u00f3bicas.<\/p>\n\n\n\n<p>Este hecho fue denunciado ante la Fiscal\u00eda Especializada en Materia de Derechos Humanos, la cual dio seguimiento al caso y, en primera instancia, logr\u00f3 que el imputado fuera requerido por medio de un oficio de citaci\u00f3n emitido por la autoridad judicial.<\/p>\n\n\n\n<p>Al acatar dicho ordenamiento, se llev\u00f3 a cabo la audiencia inicial, donde agentes fiscales formularon la imputaci\u00f3n del delito de discriminaci\u00f3n al se\u00f1alado y solicitaron medidas cautelares para salvaguardar la integridad de la parte afectada. Al conceder lo propuesto por la FGESLP, el Juez de Control determin\u00f3 un plazo de cuatro meses para la investigaci\u00f3n complementaria.<\/p>\n\n\n\n<h1 class=\"\\&quot;wp-block-heading\\&quot; wp-block-heading\">FGESLP<\/h1>\n","protected":false},"excerpt":{"rendered":"<p>La Fiscal\u00eda General del Estado de San Luis Potos\u00ed (FGESLP) obtuvo el auto de vinculaci\u00f3n a proceso en contra de un sujeto imputado por el delito de discriminaci\u00f3n en la capital potosina. La v\u00edctima, quien se identifica como mujer trans desde hace siete a\u00f1os, solicit\u00f3 una cotizaci\u00f3n para una intervenci\u00f3n en el rostro en una [&hellip;]<\/p>\n","protected":false},"author":2,"featured_media":81927,"comment_status":"closed","ping_status":"closed","sticky":false,"template":"","format":"standard","meta":{"footnotes":""},"categories":[85],"tags":[],"class_list":["post-81925","post","type-post","status-publish","format-standard","has-post-thumbnail","hentry","category-nota-roja"],"_links":{"self":[{"href":"https:\/\/ecodelahuasteca.com\/index.php?rest_route=\/wp\/v2\/posts\/81925","targetHints":{"allow":["GET"]}}],"collection":[{"href":"https:\/\/ecodelahuasteca.com\/index.php?rest_route=\/wp\/v2\/posts"}],"about":[{"href":"https:\/\/ecodelahuasteca.com\/index.php?rest_route=\/wp\/v2\/types\/post"}],"author":[{"embeddable":true,"href":"https:\/\/ecodelahuasteca.com\/index.php?rest_route=\/wp\/v2\/users\/2"}],"replies":[{"embeddable":true,"href":"https:\/\/ecodelahuasteca.com\/index.php?rest_route=%2Fwp%2Fv2%2Fcomments&post=81925"}],"version-history":[{"count":0,"href":"https:\/\/ecodelahuasteca.com\/index.php?rest_route=\/wp\/v2\/posts\/81925\/revisions"}],"wp:featuredmedia":[{"embeddable":true,"href":"https:\/\/ecodelahuasteca.com\/index.php?rest_route=\/wp\/v2\/posts\/81927"}],"wp:attachment":[{"href":"https:\/\/ecodelahuasteca.com\/index.php?rest_route=%2Fwp%2Fv2%2Fmedia&parent=81925"}],"wp:term":[{"taxonomy":"category","embeddable":true,"href":"https:\/\/ecodelahuasteca.com\/index.php?rest_route=%2Fwp%2Fv2%2Fcategories&post=81925"},{"taxonomy":"post_tag","embeddable":true,"href":"https:\/\/ecodelahuasteca.com\/index.php?rest_route=%2Fwp%2Fv2%2Ftags&post=81925"}],"curies":[{"name":"wp","href":"https:\/\/api.w.org\/{rel}","templated":true}]}}