{"id":84161,"date":"2025-10-08T18:34:12","date_gmt":"2025-10-09T00:34:12","guid":{"rendered":"https:\/\/ecodelahuasteca.com\/?p=84161"},"modified":"2025-10-08T18:34:13","modified_gmt":"2025-10-09T00:34:13","slug":"instancia-de-la-juventud-invita-a-participar-en-caminata-por-la-salud-mental","status":"publish","type":"post","link":"https:\/\/ecodelahuasteca.com\/?p=84161","title":{"rendered":"INSTANCIA DE LA JUVENTUD INVITA A PARTICIPAR EN CAMINATA POR LA SALUD MENTAL"},"content":{"rendered":"\n<p>En el marco de la conmemoraci\u00f3n del D\u00eda Mundial de la Salud Mental, el pr\u00f3ximo 10 de octubre se llevar\u00e1 a cabo en Matehuala una caminata con el objetivo de sensibilizar y concientizar a la poblaci\u00f3n sobre la importancia de este tema.<\/p>\n\n\n\n<p>El coordinador de la Instancia Municipal de la Juventud, Juli\u00e1n Garc\u00eda Hern\u00e1ndez, inform\u00f3 que la actividad se realizar\u00e1 en colaboraci\u00f3n con la Cl\u00ednica de Salud Mental Emociones y Salud, instituci\u00f3n con la cual el Ayuntamiento mantiene un convenio a trav\u00e9s del programa Tarjeta Joven.<\/p>\n\n\n\n<p>El recorrido ser\u00e1 breve, partiendo del Parque del Pueblo y concluyendo en la Plaza de Armas, frente a la Presidencia Municipal.<\/p>\n\n\n\n<p>\u201cQueremos invitar a toda la sociedad de Matehuala a que nos acompa\u00f1en, a que juntos visibilicemos la importancia de la salud mental y recordar que en la Instancia Municipal de la Juventud contamos con atenci\u00f3n psicol\u00f3gica gratuita para todos los j\u00f3venes, quienes no est\u00e1n solos y pueden encontrar aqu\u00ed un espacio para ser escuchados\u201d, se\u00f1al\u00f3 el coordinador.<\/p>\n\n\n\n<p>La invitaci\u00f3n est\u00e1 abierta a toda la ciudadan\u00eda: j\u00f3venes, familias, instituciones y colectivos. Un\u00e1monos en esta caminata para dar un paso juntos hacia una comunidad m\u00e1s consciente, solidaria y comprometida con la salud mental.<\/p>\n","protected":false},"excerpt":{"rendered":"<p>En el marco de la conmemoraci\u00f3n del D\u00eda Mundial de la Salud Mental, el pr\u00f3ximo 10 de octubre se llevar\u00e1 a cabo en Matehuala una caminata con el objetivo de sensibilizar y concientizar a la poblaci\u00f3n sobre la importancia de este tema. El coordinador de la Instancia Municipal de la Juventud, Juli\u00e1n Garc\u00eda Hern\u00e1ndez, inform\u00f3 [&hellip;]<\/p>\n","protected":false},"author":2,"featured_media":84162,"comment_status":"closed","ping_status":"closed","sticky":false,"template":"","format":"standard","meta":{"footnotes":""},"categories":[155],"tags":[],"class_list":["post-84161","post","type-post","status-publish","format-standard","has-post-thumbnail","hentry","category-slp-pais"],"_links":{"self":[{"href":"https:\/\/ecodelahuasteca.com\/index.php?rest_route=\/wp\/v2\/posts\/84161","targetHints":{"allow":["GET"]}}],"collection":[{"href":"https:\/\/ecodelahuasteca.com\/index.php?rest_route=\/wp\/v2\/posts"}],"about":[{"href":"https:\/\/ecodelahuasteca.com\/index.php?rest_route=\/wp\/v2\/types\/post"}],"author":[{"embeddable":true,"href":"https:\/\/ecodelahuasteca.com\/index.php?rest_route=\/wp\/v2\/users\/2"}],"replies":[{"embeddable":true,"href":"https:\/\/ecodelahuasteca.com\/index.php?rest_route=%2Fwp%2Fv2%2Fcomments&post=84161"}],"version-history":[{"count":0,"href":"https:\/\/ecodelahuasteca.com\/index.php?rest_route=\/wp\/v2\/posts\/84161\/revisions"}],"wp:featuredmedia":[{"embeddable":true,"href":"https:\/\/ecodelahuasteca.com\/index.php?rest_route=\/wp\/v2\/posts\/84162"}],"wp:attachment":[{"href":"https:\/\/ecodelahuasteca.com\/index.php?rest_route=%2Fwp%2Fv2%2Fmedia&parent=84161"}],"wp:term":[{"taxonomy":"category","embeddable":true,"href":"https:\/\/ecodelahuasteca.com\/index.php?rest_route=%2Fwp%2Fv2%2Fcategories&post=84161"},{"taxonomy":"post_tag","embeddable":true,"href":"https:\/\/ecodelahuasteca.com\/index.php?rest_route=%2Fwp%2Fv2%2Ftags&post=84161"}],"curies":[{"name":"wp","href":"https:\/\/api.w.org\/{rel}","templated":true}]}}