{"id":84187,"date":"2025-10-08T19:58:08","date_gmt":"2025-10-09T01:58:08","guid":{"rendered":"https:\/\/ecodelahuasteca.com\/?p=84187"},"modified":"2025-10-08T19:58:09","modified_gmt":"2025-10-09T01:58:09","slug":"villa-de-reyes-participa-en-la-apertura-de-la-auditoria-colmena","status":"publish","type":"post","link":"https:\/\/ecodelahuasteca.com\/?p=84187","title":{"rendered":"VILLA DE REYES PARTICIPA EN LA APERTURA DE LA AUDITOR\u00cdA COLMENA"},"content":{"rendered":"\n<p>El presidente municipal Ismael Hern\u00e1ndez Mart\u00ednez refrenda su compromiso con la transparencia y la rendici\u00f3n de cuentas<\/p>\n\n\n\n<p>El presidente municipal de Villa de Reyes, Ismael Hern\u00e1ndez Mart\u00ednez, encabez\u00f3 la participaci\u00f3n del municipio en la Apertura de la Auditor\u00eda COLMENA, un ejercicio impulsado por la federaci\u00f3n con el objetivo de supervisar el manejo y destino de los recursos p\u00fablicos. Este proceso busca fortalecer la confianza ciudadana mediante la rendici\u00f3n de cuentas claras y una administraci\u00f3n responsable.<\/p>\n\n\n\n<p>Durante la apertura, Hern\u00e1ndez Mart\u00ednez destac\u00f3 que Villa de Reyes cumple cabalmente con los lineamientos establecidos, proporcionando la informaci\u00f3n correspondiente sobre el uso de los recursos municipales. Se\u00f1al\u00f3 que la auditor\u00eda representa una oportunidad para demostrar que el gobierno local trabaja con eficiencia, honestidad y transparencia, en beneficio del desarrollo del municipio.<\/p>\n\n\n\n<p>El alcalde reiter\u00f3 su compromiso de mantener un gobierno de resultados y puertas abiertas, donde cada acci\u00f3n se realice con responsabilidad y apego a la ley. Asimismo, invit\u00f3 a la ciudadan\u00eda a continuar colaborando con la administraci\u00f3n en el fortalecimiento de una cultura de transparencia que consolide la confianza en las instituciones p\u00fablicas.<\/p>\n","protected":false},"excerpt":{"rendered":"<p>El presidente municipal Ismael Hern\u00e1ndez Mart\u00ednez refrenda su compromiso con la transparencia y la rendici\u00f3n de cuentas El presidente municipal de Villa de Reyes, Ismael Hern\u00e1ndez Mart\u00ednez, encabez\u00f3 la participaci\u00f3n del municipio en la Apertura de la Auditor\u00eda COLMENA, un ejercicio impulsado por la federaci\u00f3n con el objetivo de supervisar el manejo y destino de [&hellip;]<\/p>\n","protected":false},"author":2,"featured_media":84188,"comment_status":"closed","ping_status":"closed","sticky":false,"template":"","format":"standard","meta":{"footnotes":""},"categories":[155],"tags":[],"class_list":["post-84187","post","type-post","status-publish","format-standard","has-post-thumbnail","hentry","category-slp-pais"],"_links":{"self":[{"href":"https:\/\/ecodelahuasteca.com\/index.php?rest_route=\/wp\/v2\/posts\/84187","targetHints":{"allow":["GET"]}}],"collection":[{"href":"https:\/\/ecodelahuasteca.com\/index.php?rest_route=\/wp\/v2\/posts"}],"about":[{"href":"https:\/\/ecodelahuasteca.com\/index.php?rest_route=\/wp\/v2\/types\/post"}],"author":[{"embeddable":true,"href":"https:\/\/ecodelahuasteca.com\/index.php?rest_route=\/wp\/v2\/users\/2"}],"replies":[{"embeddable":true,"href":"https:\/\/ecodelahuasteca.com\/index.php?rest_route=%2Fwp%2Fv2%2Fcomments&post=84187"}],"version-history":[{"count":0,"href":"https:\/\/ecodelahuasteca.com\/index.php?rest_route=\/wp\/v2\/posts\/84187\/revisions"}],"wp:featuredmedia":[{"embeddable":true,"href":"https:\/\/ecodelahuasteca.com\/index.php?rest_route=\/wp\/v2\/posts\/84188"}],"wp:attachment":[{"href":"https:\/\/ecodelahuasteca.com\/index.php?rest_route=%2Fwp%2Fv2%2Fmedia&parent=84187"}],"wp:term":[{"taxonomy":"category","embeddable":true,"href":"https:\/\/ecodelahuasteca.com\/index.php?rest_route=%2Fwp%2Fv2%2Fcategories&post=84187"},{"taxonomy":"post_tag","embeddable":true,"href":"https:\/\/ecodelahuasteca.com\/index.php?rest_route=%2Fwp%2Fv2%2Ftags&post=84187"}],"curies":[{"name":"wp","href":"https:\/\/api.w.org\/{rel}","templated":true}]}}