{"id":84247,"date":"2025-10-10T10:28:26","date_gmt":"2025-10-10T16:28:26","guid":{"rendered":"https:\/\/ecodelahuasteca.com\/?p=84247"},"modified":"2025-10-10T10:28:27","modified_gmt":"2025-10-10T16:28:27","slug":"secretaria-estatal-de-seguridad-refuerza-plan-de-contingencia-por-tormenta-priscilla","status":"publish","type":"post","link":"https:\/\/ecodelahuasteca.com\/?p=84247","title":{"rendered":"SECRETAR\u00cdA ESTATAL DE SEGURIDAD REFUERZA PLAN DE CONTINGENCIA POR TORMENTA PRISCILLA"},"content":{"rendered":"\n<p>La Secretar\u00eda de Seguridad y Protecci\u00f3n Ciudadana del Estado, mantiene una incansable estrategia de apoyo en las regiones Media y Huasteca, como parte del Plan de Contingencia por la tormenta Priscilla, por lo que su titular Jes\u00fas Ju\u00e1rez Hern\u00e1ndez, se encuentra encabezando una brigada interinstitucional para prevenir y atender situaciones de emergencia.<\/p>\n\n\n\n<p>Se inform\u00f3 lo anterior, en el marco de la Mesa de Coordinaci\u00f3n para la Construcci\u00f3n de la Paz Social la ma\u00f1ana de este viernes encabezada por la Subsecretaria de Gobierno, Ana Sof\u00eda Aguilar Rodr\u00edguez.<\/p>\n\n\n\n<p>Desde temprana hora de este d\u00eda, el titular de la SSPCE efectu\u00f3 recorridos por Municipios de la zona Media, adem\u00e1s de trasladarse a la regi\u00f3n Huasteca para supervisar y formar parte de las labores de ayuda humanitaria que se brinda a los habitantes que han resultado afectados.<\/p>\n\n\n\n<p>Por lo pronto, la vigilancia es de car\u00e1cter permanente por posibles aumentos de caudales de r\u00edos, afectaciones, o caminos, ingresos a parajes, instalaci\u00f3n de albergues, auxilios y rescate a la poblaci\u00f3n civil.<\/p>\n","protected":false},"excerpt":{"rendered":"<p>La Secretar\u00eda de Seguridad y Protecci\u00f3n Ciudadana del Estado, mantiene una incansable estrategia de apoyo en las regiones Media y Huasteca, como parte del Plan de Contingencia por la tormenta Priscilla, por lo que su titular Jes\u00fas Ju\u00e1rez Hern\u00e1ndez, se encuentra encabezando una brigada interinstitucional para prevenir y atender situaciones de emergencia. Se inform\u00f3 lo [&hellip;]<\/p>\n","protected":false},"author":2,"featured_media":84248,"comment_status":"closed","ping_status":"closed","sticky":false,"template":"","format":"standard","meta":{"footnotes":""},"categories":[155],"tags":[],"class_list":["post-84247","post","type-post","status-publish","format-standard","has-post-thumbnail","hentry","category-slp-pais"],"_links":{"self":[{"href":"https:\/\/ecodelahuasteca.com\/index.php?rest_route=\/wp\/v2\/posts\/84247","targetHints":{"allow":["GET"]}}],"collection":[{"href":"https:\/\/ecodelahuasteca.com\/index.php?rest_route=\/wp\/v2\/posts"}],"about":[{"href":"https:\/\/ecodelahuasteca.com\/index.php?rest_route=\/wp\/v2\/types\/post"}],"author":[{"embeddable":true,"href":"https:\/\/ecodelahuasteca.com\/index.php?rest_route=\/wp\/v2\/users\/2"}],"replies":[{"embeddable":true,"href":"https:\/\/ecodelahuasteca.com\/index.php?rest_route=%2Fwp%2Fv2%2Fcomments&post=84247"}],"version-history":[{"count":0,"href":"https:\/\/ecodelahuasteca.com\/index.php?rest_route=\/wp\/v2\/posts\/84247\/revisions"}],"wp:featuredmedia":[{"embeddable":true,"href":"https:\/\/ecodelahuasteca.com\/index.php?rest_route=\/wp\/v2\/posts\/84248"}],"wp:attachment":[{"href":"https:\/\/ecodelahuasteca.com\/index.php?rest_route=%2Fwp%2Fv2%2Fmedia&parent=84247"}],"wp:term":[{"taxonomy":"category","embeddable":true,"href":"https:\/\/ecodelahuasteca.com\/index.php?rest_route=%2Fwp%2Fv2%2Fcategories&post=84247"},{"taxonomy":"post_tag","embeddable":true,"href":"https:\/\/ecodelahuasteca.com\/index.php?rest_route=%2Fwp%2Fv2%2Ftags&post=84247"}],"curies":[{"name":"wp","href":"https:\/\/api.w.org\/{rel}","templated":true}]}}