{"id":88396,"date":"2026-02-13T21:58:59","date_gmt":"2026-02-14T03:58:59","guid":{"rendered":"https:\/\/ecodelahuasteca.com\/?p=88396"},"modified":"2026-02-13T21:59:02","modified_gmt":"2026-02-14T03:59:02","slug":"san-luis-potosi-consolida-su-fuerza-industrial","status":"publish","type":"post","link":"https:\/\/ecodelahuasteca.com\/?p=88396","title":{"rendered":"SAN LUIS POTOSI CONSOLIDA SU FUERZA INDUSTRIAL"},"content":{"rendered":"\n<ul class=\"\\&quot;wp-block-list\\&quot; wp-block-list\">\n<li>La C\u00e1mara Nacional de la Industria de la Transformaci\u00f3n reconoce el crecimiento econ\u00f3mico del Estado y la coordinaci\u00f3n con el sector productivo.<\/li>\n<\/ul>\n\n\n\n<p>Gracias al fortalecimiento econ\u00f3mico impulsado por el Gobernador Ricardo Gallardo Cardona, el sector empresarial ampl\u00eda sus oportunidades de crecimiento con acciones orientadas a la atracci\u00f3n de inversi\u00f3n y a la competitividad. Durante su visita a la entidad, la presidenta nacional de la C\u00e1mara Nacional de la Industria de la Transformaci\u00f3n (Canacintra), Mar\u00eda de Lourdes Medina Ortega, destac\u00f3 que el respaldo institucional ha favorecido un desarrollo industrial sin l\u00edmites y un entorno propicio para nuevas inversiones.<br>En la toma de protesta de la mesa directiva 2026-2027 de la C\u00e1mara en San Luis Potos\u00ed, reconoci\u00f3 la coordinaci\u00f3n entre autoridades y empresarios como un factor que fortalece la actividad productiva en esta regi\u00f3n del pa\u00eds. La dirigencia nacional subray\u00f3 que la industria de la transformaci\u00f3n mantiene un papel decisivo en la generaci\u00f3n de empleo que, sumada al impulso a la inversi\u00f3n extranjera, abona a la expansi\u00f3n del sector manufacturero, particularmente en el ramo automotriz.<br>El dinamismo industrial del Estado, con un crecimiento superior al 40 por ciento en la \u00faltima d\u00e9cada vinculado a la manufactura, coloca a San Luis Potos\u00ed como un referente nacional. Este desempe\u00f1o se alinea con el cambio que se vive y se siente al consolidar una econom\u00eda m\u00e1s s\u00f3lida, con interlocuci\u00f3n permanente entre Gobierno e iniciativa privada para sostener su desarrollo.<\/p>\n","protected":false},"excerpt":{"rendered":"<p>Gracias al fortalecimiento econ\u00f3mico impulsado por el Gobernador Ricardo Gallardo Cardona, el sector empresarial ampl\u00eda sus oportunidades de crecimiento con acciones orientadas a la atracci\u00f3n de inversi\u00f3n y a la competitividad. Durante su visita a la entidad, la presidenta nacional de la C\u00e1mara Nacional de la Industria de la Transformaci\u00f3n (Canacintra), Mar\u00eda de Lourdes Medina [&hellip;]<\/p>\n","protected":false},"author":2,"featured_media":88397,"comment_status":"closed","ping_status":"closed","sticky":false,"template":"","format":"standard","meta":{"footnotes":""},"categories":[156],"tags":[],"class_list":["post-88396","post","type-post","status-publish","format-standard","has-post-thumbnail","hentry","category-gob-slp"],"_links":{"self":[{"href":"https:\/\/ecodelahuasteca.com\/index.php?rest_route=\/wp\/v2\/posts\/88396","targetHints":{"allow":["GET"]}}],"collection":[{"href":"https:\/\/ecodelahuasteca.com\/index.php?rest_route=\/wp\/v2\/posts"}],"about":[{"href":"https:\/\/ecodelahuasteca.com\/index.php?rest_route=\/wp\/v2\/types\/post"}],"author":[{"embeddable":true,"href":"https:\/\/ecodelahuasteca.com\/index.php?rest_route=\/wp\/v2\/users\/2"}],"replies":[{"embeddable":true,"href":"https:\/\/ecodelahuasteca.com\/index.php?rest_route=%2Fwp%2Fv2%2Fcomments&post=88396"}],"version-history":[{"count":0,"href":"https:\/\/ecodelahuasteca.com\/index.php?rest_route=\/wp\/v2\/posts\/88396\/revisions"}],"wp:featuredmedia":[{"embeddable":true,"href":"https:\/\/ecodelahuasteca.com\/index.php?rest_route=\/wp\/v2\/posts\/88397"}],"wp:attachment":[{"href":"https:\/\/ecodelahuasteca.com\/index.php?rest_route=%2Fwp%2Fv2%2Fmedia&parent=88396"}],"wp:term":[{"taxonomy":"category","embeddable":true,"href":"https:\/\/ecodelahuasteca.com\/index.php?rest_route=%2Fwp%2Fv2%2Fcategories&post=88396"},{"taxonomy":"post_tag","embeddable":true,"href":"https:\/\/ecodelahuasteca.com\/index.php?rest_route=%2Fwp%2Fv2%2Ftags&post=88396"}],"curies":[{"name":"wp","href":"https:\/\/api.w.org\/{rel}","templated":true}]}}